{"id":4482,"date":"2021-12-01T12:26:00","date_gmt":"2021-12-01T11:26:00","guid":{"rendered":"http:\/\/www.areabesos.com\/diario\/?p=4482"},"modified":"2021-12-02T12:27:55","modified_gmt":"2021-12-02T11:27:55","slug":"la-causa-judicial-contra-ditecsa-resta-oberta-dos-anys-despres-de-lincendi-que-va-ocasionar-greus-danys-ambientals-al-riu-besos","status":"publish","type":"post","link":"https:\/\/www.areabesos.com\/diario\/la-causa-judicial-contra-ditecsa-resta-oberta-dos-anys-despres-de-lincendi-que-va-ocasionar-greus-danys-ambientals-al-riu-besos\/","title":{"rendered":"La causa judicial contra Ditecsa resta oberta dos anys despr\u00e9s de l\u2019incendi que va ocasionar greus danys ambientals al riu Bes\u00f2s"},"content":{"rendered":"\n<p>El pr\u00f2xim 11 de desembre far\u00e0 tot just dos anys que va tenir lloc l\u2019incendi ocorregut a l\u2019empresa <strong>Ditecsa<\/strong>, ubicada a <strong>Montorn\u00e8s del Vall\u00e8s<\/strong> i dedicada al reciclatge de dissolvents, que va comportar abocaments t\u00f2xics al medi fluvial, aix\u00ed com al sistema de sanejament, provocant greus danys en el <strong>riu Bes\u00f2s<\/strong> i en l\u2019<strong>EDAR Montorn\u00e8s<\/strong>.<\/p>\n\n\n\n<p>En aquests moments, encara resta oberta la causa judicial que instrueix el <strong>jutjat de Granollers<\/strong>, despr\u00e9s que el passat mes de febrer fos admesa a tr\u00e0mit la querella presentada per la <strong>Fiscalia de Medi Ambient<\/strong> contra l\u2019empresa per un delicte contra els recursos naturals i el medi ambient i un altre relatiu a la protecci\u00f3 de la flora i la fauna, de la qual el <strong>Consorci Bes\u00f2s Tordera<\/strong> i l\u2019<strong>Ag\u00e8ncia Catalana de l\u2019Aigua <\/strong>(ACA)tamb\u00e9 s\u2019han personat com a acusaci\u00f3 particular. Dintre d\u2019aquest procediment judicial, durant el passat mes de juny van tenir lloc les declaracions dels treballadors que hi eren en el moment dels fets, aix\u00ed com del director general i del seu m\u00e0xim responsable a Catalunya. El pr\u00f2xim mes de gener hi ha previstes noves declaracions i \u00e9s molt probable que, amb aquestes, es doni per conclosa la instrucci\u00f3.<\/p>\n\n\n\n<p>Incorporat dintre d\u2019aquest mateix procediment s\u2019est\u00e0 gestionant l\u2019expedient sancionador que el Consorci va obrir a l\u2019empresa cinc dies despr\u00e9s dels fets, el 16 de desembre de 2019, pels danys ocasionats en el sistema de sanejament. Aquest expedient preveu una indemnitzaci\u00f3 de 395.276,37 euros per al rescabalament dels danys ocasionats a les instal\u00b7lacions de sanejament i una sanci\u00f3 per valor de 401.276,37 euros.<\/p>\n\n\n\n<p>Per la seva banda, l\u2019empresa responsable dels danys est\u00e0 duent a terme un projecte de restauraci\u00f3, incl\u00f2s dins de l\u2019expedient de Responsabilitat Ambiental que es tramita des de l\u2019<strong>Oficina de Gesti\u00f3 Ambiental Unificada a Barcelona (OGAU)<\/strong> i que t\u00e9 l\u2019objectiu garantir la restauraci\u00f3 de l\u2019entorn afectat. L\u2019ACA est\u00e0 sent l\u2019encarregada de fer-ne el seguiment i l\u2019assessorament t\u00e8cnic d\u2019aquest expedient. Aquests treballs inclouen tamb\u00e9 la descontaminaci\u00f3 de l\u2019aq\u00fc\u00edfer, que va quedar acotat al recinte de l\u2019empresa, i fa uns mesos que es va posar en servei la planta de descontaminaci\u00f3 de les aig\u00fces subterr\u00e0nies.<\/p>\n\n\n\n<p>Pel que fa al tram de riu Bes\u00f2s afectat, es pot afirmar que es troba totalment recuperat, excepte per les poblacions de peixos que tenen una velocitat de recuperaci\u00f3 m\u00e9s lenta i necessiten m\u00e9s temps per estabilitzar-se i assolir els nivells anteriors a la cat\u00e0strofe. Recordem que, de seguida de l\u2019incident, ACA i Consorci van activar el pla de xoc, que es va desplegar entre desembre de 2019 i juliol de 2020. De fet, al cap de sis mesos, els diferents mostrejos de la zona van constatar que la toxicitat i contaminaci\u00f3 al medi pr\u00e0cticament havien desaparegut, tret d\u2019un plomall d\u2019aigua subterr\u00e0nia contaminada localitzada i situada en un radi d\u2019aproximadament 300 metres al voltant de la zona sinistrada, que va ser posteriorment acotat i tractat amb sistemes de remediaci\u00f3 per part de l\u2019empresa responsable.<\/p>\n\n\n\n<p>L\u2019evoluci\u00f3 dels diferents par\u00e0metres de qualitat del riu s\u00f3n analitzats per l\u2019ACA dins el marc del Programa de Seguiment i Control que realitza de manera habitual.<\/p>\n","protected":false},"excerpt":{"rendered":"<p>El pr\u00f2xim 11 de desembre far\u00e0 tot just dos anys que va tenir lloc l\u2019incendi ocorregut a l\u2019empresa Ditecsa, ubicada a Montorn\u00e8s del Vall\u00e8s i dedicada al reciclatge de dissolvents, que va comportar abocaments t\u00f2xics al medi fluvial, aix\u00ed com al sistema de sanejament, provocant greus danys en el riu Bes\u00f2s i en l\u2019EDAR Montorn\u00e8s. [&hellip;]<\/p>\n","protected":false},"author":2,"featured_media":4483,"comment_status":"open","ping_status":"open","sticky":false,"template":"","format":"standard","meta":{"footnotes":""},"categories":[134,135],"tags":[],"class_list":{"0":"post-4482","1":"post","2":"type-post","3":"status-publish","4":"format-standard","5":"has-post-thumbnail","7":"category-actualitat","8":"category-societat"},"_links":{"self":[{"href":"https:\/\/www.areabesos.com\/diario\/wp-json\/wp\/v2\/posts\/4482","targetHints":{"allow":["GET"]}}],"collection":[{"href":"https:\/\/www.areabesos.com\/diario\/wp-json\/wp\/v2\/posts"}],"about":[{"href":"https:\/\/www.areabesos.com\/diario\/wp-json\/wp\/v2\/types\/post"}],"author":[{"embeddable":true,"href":"https:\/\/www.areabesos.com\/diario\/wp-json\/wp\/v2\/users\/2"}],"replies":[{"embeddable":true,"href":"https:\/\/www.areabesos.com\/diario\/wp-json\/wp\/v2\/comments?post=4482"}],"version-history":[{"count":1,"href":"https:\/\/www.areabesos.com\/diario\/wp-json\/wp\/v2\/posts\/4482\/revisions"}],"predecessor-version":[{"id":4484,"href":"https:\/\/www.areabesos.com\/diario\/wp-json\/wp\/v2\/posts\/4482\/revisions\/4484"}],"wp:featuredmedia":[{"embeddable":true,"href":"https:\/\/www.areabesos.com\/diario\/wp-json\/wp\/v2\/media\/4483"}],"wp:attachment":[{"href":"https:\/\/www.areabesos.com\/diario\/wp-json\/wp\/v2\/media?parent=4482"}],"wp:term":[{"taxonomy":"category","embeddable":true,"href":"https:\/\/www.areabesos.com\/diario\/wp-json\/wp\/v2\/categories?post=4482"},{"taxonomy":"post_tag","embeddable":true,"href":"https:\/\/www.areabesos.com\/diario\/wp-json\/wp\/v2\/tags?post=4482"}],"curies":[{"name":"wp","href":"https:\/\/api.w.org\/{rel}","templated":true}]}}