{"id":4475,"date":"2021-11-29T13:11:19","date_gmt":"2021-11-29T12:11:19","guid":{"rendered":"http:\/\/www.areabesos.com\/diario\/?p=4475"},"modified":"2021-11-29T13:11:20","modified_gmt":"2021-11-29T12:11:20","slug":"el-casal-de-cultura-parada-del-hop-festival-de-dansa-i-cultura-urbana","status":"publish","type":"post","link":"https:\/\/www.areabesos.com\/diario\/el-casal-de-cultura-parada-del-hop-festival-de-dansa-i-cultura-urbana\/","title":{"rendered":"El Casal de Cultura, parada del Hop Festival de dansa i cultura urbana"},"content":{"rendered":"\n<p>El Hop Festival de dansa i cultura urbana est\u00e0 inmers en la seva desena edici\u00f3, amb el Mercat de les Flors com a epicentre amb m\u00e9s de 30 activitats programades i actuacions de companyies locals, nacionals i internacionals, tallers per a professionals i aficionats, campionats, propostes familiars, exposicions i espais de di\u00e0leg al voltant de la creaci\u00f3 contempor\u00e0nia de la dansa, l\u2019art i la cultura urbana.<br>Una de les seus del festival, organitzat per l\u2019Associaci\u00f3 El Generador, ser\u00e0 Sant Adri\u00e0. M\u00e9s concretament el Casal de Cultura, el propoer dissabte, 11 de desembre a partir de les 19 hores.<br>Hi actuaran quatre companyies. La primera, la Cia Roots presentar\u00e0 \u201cEl proc\u00e9s\u201d, una pe\u00e7a en evoluci\u00f3 que pret\u00e9n enlla\u00e7ar tots els successos que ocorren en les nostres vides amb la m\u00e0xima naturalitat i sense perdre el nostre focus.<br>El Grup Harmonique presentar\u00e0 \u201cCONsuMISMO\u201d, una obra que va aconseguir el primer premi al Hop Sant Andreu 2021 i que parla de la part m\u00e9s destructiva del consumisme compulsiu, un consumisme sense cap sentit, que es busca per a poder omplir un buit generat per diferents motius que no fa m\u00e9s que engrandir aquest buit.<br>\u201cFunk That\u201d ser\u00e0 l\u2019espectacle que portin Iron Mike &amp; Nury de la Cia The Boogie Tunes, que expressa l\u2019es\u00e8ncia del Popping, estil que t\u00e9 els or\u00edgens als anys setante i que va n\u00e9ixer sota la influ\u00e8ncia del ritme de la m\u00fasica funk.<br>Per \u00faltim, el Col\u00b7lectiu Naila presenta \u201cUn aparellament religi\u00f3s\u201d, obra que investiga el fenomen reproductiu d\u2019un insecte conegut com a Mantis, en el qual van identificar patrons de moviment i comportaments que poden ser tradu\u00efts i comparats a conductes i estructures socials l\u2019esp\u00e8cie humana. La pe\u00e7a proposa una cr\u00edtica als rols de g\u00e8nere i manca de representaci\u00f3 de les dones dins una estructura hetoropatriarcal.<br>Per poder accedir al Hop Festival cal reservar entrades al correu hop.elgenerador@gmail.com.<\/p>\n\n\n\n<figure class=\"wp-block-embed is-type-video is-provider-youtube wp-block-embed-youtube wp-embed-aspect-16-9 wp-has-aspect-ratio\"><div class=\"wp-block-embed__wrapper\">\n<div class=\"youtube-embed\" data-video_id=\"qB2GnmS8D1s\"><iframe loading=\"lazy\" title=\"HOP trailer promo  HOP FESTIVAL 2021\" width=\"696\" height=\"392\" src=\"https:\/\/www.youtube.com\/embed\/qB2GnmS8D1s?feature=oembed&#038;enablejsapi=1\" frameborder=\"0\" allow=\"accelerometer; autoplay; clipboard-write; encrypted-media; gyroscope; picture-in-picture\" allowfullscreen><\/iframe><\/div>\n<\/div><\/figure>\n","protected":false},"excerpt":{"rendered":"<p>El Hop Festival de dansa i cultura urbana est\u00e0 inmers en la seva desena edici\u00f3, amb el Mercat de les Flors com a epicentre amb m\u00e9s de 30 activitats programades i actuacions de companyies locals, nacionals i internacionals, tallers per a professionals i aficionats, campionats, propostes familiars, exposicions i espais de di\u00e0leg al voltant de [&hellip;]<\/p>\n","protected":false},"author":1,"featured_media":4476,"comment_status":"open","ping_status":"open","sticky":false,"template":"","format":"standard","meta":{"footnotes":""},"categories":[136],"tags":[],"class_list":{"0":"post-4475","1":"post","2":"type-post","3":"status-publish","4":"format-standard","5":"has-post-thumbnail","7":"category-cultura"},"_links":{"self":[{"href":"https:\/\/www.areabesos.com\/diario\/wp-json\/wp\/v2\/posts\/4475","targetHints":{"allow":["GET"]}}],"collection":[{"href":"https:\/\/www.areabesos.com\/diario\/wp-json\/wp\/v2\/posts"}],"about":[{"href":"https:\/\/www.areabesos.com\/diario\/wp-json\/wp\/v2\/types\/post"}],"author":[{"embeddable":true,"href":"https:\/\/www.areabesos.com\/diario\/wp-json\/wp\/v2\/users\/1"}],"replies":[{"embeddable":true,"href":"https:\/\/www.areabesos.com\/diario\/wp-json\/wp\/v2\/comments?post=4475"}],"version-history":[{"count":1,"href":"https:\/\/www.areabesos.com\/diario\/wp-json\/wp\/v2\/posts\/4475\/revisions"}],"predecessor-version":[{"id":4477,"href":"https:\/\/www.areabesos.com\/diario\/wp-json\/wp\/v2\/posts\/4475\/revisions\/4477"}],"wp:featuredmedia":[{"embeddable":true,"href":"https:\/\/www.areabesos.com\/diario\/wp-json\/wp\/v2\/media\/4476"}],"wp:attachment":[{"href":"https:\/\/www.areabesos.com\/diario\/wp-json\/wp\/v2\/media?parent=4475"}],"wp:term":[{"taxonomy":"category","embeddable":true,"href":"https:\/\/www.areabesos.com\/diario\/wp-json\/wp\/v2\/categories?post=4475"},{"taxonomy":"post_tag","embeddable":true,"href":"https:\/\/www.areabesos.com\/diario\/wp-json\/wp\/v2\/tags?post=4475"}],"curies":[{"name":"wp","href":"https:\/\/api.w.org\/{rel}","templated":true}]}}