{"id":4469,"date":"2021-11-26T11:03:48","date_gmt":"2021-11-26T10:03:48","guid":{"rendered":"http:\/\/www.areabesos.com\/diario\/?p=4469"},"modified":"2021-11-26T11:07:05","modified_gmt":"2021-11-26T10:07:05","slug":"barnabitas-engega-un-nou-projecte-social-deducacio-viaria","status":"publish","type":"post","link":"https:\/\/www.areabesos.com\/diario\/barnabitas-engega-un-nou-projecte-social-deducacio-viaria\/","title":{"rendered":"Barnabitas engega un nou projecte social d\u2019educaci\u00f3 vi\u00e0ria"},"content":{"rendered":"\n<p>L\u2019Associaci\u00f3 Juvenil Barnabitas posa en marxa un nou projecte que t\u00e9 en l\u2019educaci\u00f3 vi\u00e0ria, la implicaci\u00f3 al territori, la inclusi\u00f3 i el treball comunitari els pilars b\u00e0sics amb l\u2019objectiu de millorar l\u2019entorn dels participants i fomentar un model de ciutadania activa i participativa. L\u2019acte d\u2019inauguraci\u00f3 va comptar amb la pres\u00e8ncia de l\u2019alcaldessa adrianenca, Filo Ca\u00f1ete, la directora de l\u2019\u00c0rea de negocis del Bes\u00f2s de Caixabank, Carme Garc\u00eda, qui va estar acompanyada per la Blanca P\u00e9rez, directora de l\u2019oficina 0329, i de Francesc Sala, a m\u00e9s d\u2019\u00c0lex Plana, Property M\u00e0nager-Catalunya de Vivenio, el director de relacions institucionals i de la xarxa de centres socioeducatius de la Fundaci\u00f3 Pere Tarr\u00e9s. Rafa Ruiz, la regidora d\u2019inf\u00e0ncia i joventut, M\u00edriam Chac\u00f3n, i la cap d\u2019\u00c0rea de Serveis Socials de l\u2019Ajuntament de Sant Adri\u00e0, Montse Campama.<\/p>\n\n\n\n<p>Tal com expliquen des de l\u2019entitat adrianenca, aquest projecte \u201cd&#8217;educaci\u00f3 vi\u00e0ria neix a partir de diverses necessitats molt presents a la societat que s&#8217;agreugen en el nostre context socioeducatiu, de vulnerabilitat i risc d&#8217;exclusi\u00f3 social. Aquestes necessitats responen a grans \u00e0mbits com l&#8217;educaci\u00f3 vi\u00e0ria, la mobilitat i l&#8217;exclusi\u00f3 social i la seva imbricaci\u00f3 amb altres conceptes de gran rellev\u00e0ncia actual com s\u00f3n la sostenibilitat, la igualtat d&#8217;oportunitats, l&#8217;acc\u00e9s a la cultura, els valors o la salut. A la poblaci\u00f3 amb qu\u00e8 treballem, trobem mancances i vulnerabilitat sociocultural. El servei d&#8217;educaci\u00f3 vi\u00e0ria pot donar l&#8217;oportunitat als infants de tenir acc\u00e9s a un espai inclusiu d&#8217;aprenentatge significatiu \u00fatil en el dia a dia i en la vida di\u00e0ria, que els permeti adquirir l&#8217;experi\u00e8ncia t\u00e8cnica apropiada, prenent consci\u00e8ncia a m\u00e9s de la seva responsabilitat a la vida social i millorant, de forma activa, les condicions de la circulaci\u00f3\u201d.<\/p>\n\n\n\n<p>Aquest projecte ofereix una oportunitat \u00fanica i inclusiva als infants i a les seves fam\u00edlies, per treballar de manera transversal m\u00faltiples necessitats que amenacen la seva inclusi\u00f3 i la seva igualtat en l\u2019acc\u00e9s d\u2019oportunitats. T\u00e9 com a eix principal la creaci\u00f3 d&#8217;un espai d&#8217;educaci\u00f3 vi\u00e0ria on, de manera l\u00fadica, els participants podran explorar el seu entorn, descobrint noves maneres d\u2019aprofitar el territori, aprenent a coordinar les seves accions i despla\u00e7aments en la via p\u00fablica, resolent imprevistos, planificant, respectant als altres i entenent la ciutat com un espai compartit en el qual tamb\u00e9 cal conviure de manera respectuosa i solid\u00e0ria. Com a alguns dels objectius de la iniciativa, destaca fomentar l\u2019oci i el temps compartit en fam\u00edlia a partir de l\u2019\u00fas de la bicicleta i afavorir l\u2019\u00fas d\u2019espais l\u00fadics i educatius del territori com \u00e9s el circuit d\u2019educaci\u00f3 vial del Parc Fluvial del Bes\u00f2s.<\/p>\n","protected":false},"excerpt":{"rendered":"<p>L\u2019Associaci\u00f3 Juvenil Barnabitas posa en marxa un nou projecte que t\u00e9 en l\u2019educaci\u00f3 vi\u00e0ria, la implicaci\u00f3 al territori, la inclusi\u00f3 i el treball comunitari els pilars b\u00e0sics amb l\u2019objectiu de millorar l\u2019entorn dels participants i fomentar un model de ciutadania activa i participativa. L\u2019acte d\u2019inauguraci\u00f3 va comptar amb la pres\u00e8ncia de l\u2019alcaldessa adrianenca, Filo Ca\u00f1ete, [&hellip;]<\/p>\n","protected":false},"author":1,"featured_media":4470,"comment_status":"open","ping_status":"open","sticky":false,"template":"","format":"standard","meta":{"footnotes":""},"categories":[134,135],"tags":[],"class_list":{"0":"post-4469","1":"post","2":"type-post","3":"status-publish","4":"format-standard","5":"has-post-thumbnail","7":"category-actualitat","8":"category-societat"},"_links":{"self":[{"href":"https:\/\/www.areabesos.com\/diario\/wp-json\/wp\/v2\/posts\/4469","targetHints":{"allow":["GET"]}}],"collection":[{"href":"https:\/\/www.areabesos.com\/diario\/wp-json\/wp\/v2\/posts"}],"about":[{"href":"https:\/\/www.areabesos.com\/diario\/wp-json\/wp\/v2\/types\/post"}],"author":[{"embeddable":true,"href":"https:\/\/www.areabesos.com\/diario\/wp-json\/wp\/v2\/users\/1"}],"replies":[{"embeddable":true,"href":"https:\/\/www.areabesos.com\/diario\/wp-json\/wp\/v2\/comments?post=4469"}],"version-history":[{"count":1,"href":"https:\/\/www.areabesos.com\/diario\/wp-json\/wp\/v2\/posts\/4469\/revisions"}],"predecessor-version":[{"id":4471,"href":"https:\/\/www.areabesos.com\/diario\/wp-json\/wp\/v2\/posts\/4469\/revisions\/4471"}],"wp:featuredmedia":[{"embeddable":true,"href":"https:\/\/www.areabesos.com\/diario\/wp-json\/wp\/v2\/media\/4470"}],"wp:attachment":[{"href":"https:\/\/www.areabesos.com\/diario\/wp-json\/wp\/v2\/media?parent=4469"}],"wp:term":[{"taxonomy":"category","embeddable":true,"href":"https:\/\/www.areabesos.com\/diario\/wp-json\/wp\/v2\/categories?post=4469"},{"taxonomy":"post_tag","embeddable":true,"href":"https:\/\/www.areabesos.com\/diario\/wp-json\/wp\/v2\/tags?post=4469"}],"curies":[{"name":"wp","href":"https:\/\/api.w.org\/{rel}","templated":true}]}}