{"id":4463,"date":"2021-11-25T12:31:58","date_gmt":"2021-11-25T11:31:58","guid":{"rendered":"http:\/\/www.areabesos.com\/diario\/?p=4463"},"modified":"2021-11-25T12:32:37","modified_gmt":"2021-11-25T11:32:37","slug":"crowdfunding-per-ledicio-dun-conte-il%c2%b7lustrat-sobre-els-passadors-del-besos","status":"publish","type":"post","link":"https:\/\/www.areabesos.com\/diario\/crowdfunding-per-ledicio-dun-conte-il%c2%b7lustrat-sobre-els-passadors-del-besos\/","title":{"rendered":"Crowdfunding per l\u2019edici\u00f3 d\u2019un conte il\u00b7lustrat sobre els Passadors del Bes\u00f2s"},"content":{"rendered":"\n<p>\u00abEls Passadors i la serpent ferotge\u00bb \u00e9s el t\u00edtol d&#8217;un conte\u00a0il\u00b7lustrat\u00a0que actualment es troba en fase de\u00a0crowdfunding\u00a0per poder editar-ho. Est\u00e0 escrit per l&#8217;Elvira Rovira, cofundadora i vicepresidenta de l&#8217;Associaci\u00f3 d&#8217;Amics de la Unesco Sant Adri\u00e0, i\u00a0il\u00b7lustrat\u00a0per la Roser Calafell, i neix de la necessitat de l&#8217;Elvira de fer\u00a0con\u00e8ixer\u00a0la hist\u00f2ria dels Passadors, els homes que ajudaven a passar el riu Bes\u00f2s quan creixia molt despr\u00e9s d&#8217;una tempesta. \u00abVaig veure que durant les festes dels Passadors la\u00a0gent\u00a0no coneixia aquest gremi, sobretot els m\u00e9s menuts\u00bb, explica l&#8217;Elvira Rovira en el\u00a0v\u00eddeo\u00a0promocional del conte. Una obra ambientada al segle XVIII i basat en alguns fets ver\u00eddics. Un dia de pluja forta, una fam\u00edlia noble de Barcelona va arribar a Sant Adri\u00e0 de Bes\u00f2s i els passadors els van desaconsellar travessar el riu, per\u00f2\u00a0la fam\u00edlia no va fer cas i van caure a les t\u00e8rboles aig\u00fces del riu. Els passadors van c\u00f3rrer a auxiliar-los, per\u00f2\u00a0no trobaven a la filla. Per saber el final de la hist\u00f2ria, caldr\u00e0 esperar a la publicaci\u00f3 del llibre.<br>Perqu\u00e8\u00a0aix\u00f2 passi, cal finan\u00e7ament, concretament prop de 5.400 euros.\u00a0Per\u00a0ara porten recollits 1.200 i encara hi ha temps\u00a0fins al\u00a026 de desembre per poder contribuir. Hi ha diferents maneres de fer-ho, aportant 14, 26, 34, 40, 100 o 300 euros, que impliquen un\u00a0nombre\u00a0d&#8217;exemplars del conte, punts de llibre, postals i incl\u00fas\u00a0apar\u00e8ixer\u00a0en els agra\u00efments. En aquest <a href=\"https:\/\/edita.cat\/projects\/els-passadors-i-la-serpent-ferotge\/\" target=\"_blank\" rel=\"noreferrer noopener\">enlla\u00e7<\/a> es pot contribuir a la publicaci\u00f3. Si no s&#8217;arriba a la quantitat m\u00ednima es\u00a0retornen\u00a0els diners.<br>La iniciativa \u00e9s obra d&#8217;Amics de la Unesco de Sant Adri\u00e0 i de Dones de Futur, que organitzen la Festa dels Passadors, recentment inscrita al Cat\u00e0leg del Patrimoni Festiu de Catalunya per transmetre la mem\u00f2ria d&#8217;aquest ofici tradicional i d&#8217;enfortir el sentit de pertinen\u00e7a entre les persones que conviuen en aquest territori, han inspirat la creaci\u00f3 d&#8217;un conte adre\u00e7at als infants, per\u00f2\u00a0que tamb\u00e9 pot interessar als adults. Tamb\u00e9\u00a0hi\u00a0col\u00b7laboren\u00a0la\u00a0il\u00b7lustradora\u00a0Roser Calafell i el grup d&#8217;animaci\u00f3 infantil La Tresca i la Verdesca.\u00a0Igualment\u00a0cal destacar que els drets d&#8217;autor generats per l&#8217;autora aniran al Casal dels Infants del Raval.<\/p>\n","protected":false},"excerpt":{"rendered":"<p>\u00abEls Passadors i la serpent ferotge\u00bb \u00e9s el t\u00edtol d&#8217;un conte\u00a0il\u00b7lustrat\u00a0que actualment es troba en fase de\u00a0crowdfunding\u00a0per poder editar-ho. Est\u00e0 escrit per l&#8217;Elvira Rovira, cofundadora i vicepresidenta de l&#8217;Associaci\u00f3 d&#8217;Amics de la Unesco Sant Adri\u00e0, i\u00a0il\u00b7lustrat\u00a0per la Roser Calafell, i neix de la necessitat de l&#8217;Elvira de fer\u00a0con\u00e8ixer\u00a0la hist\u00f2ria dels Passadors, els homes que ajudaven [&hellip;]<\/p>\n","protected":false},"author":1,"featured_media":4465,"comment_status":"open","ping_status":"open","sticky":false,"template":"","format":"standard","meta":{"footnotes":""},"categories":[134,136,135],"tags":[],"class_list":{"0":"post-4463","1":"post","2":"type-post","3":"status-publish","4":"format-standard","5":"has-post-thumbnail","7":"category-actualitat","8":"category-cultura","9":"category-societat"},"_links":{"self":[{"href":"https:\/\/www.areabesos.com\/diario\/wp-json\/wp\/v2\/posts\/4463","targetHints":{"allow":["GET"]}}],"collection":[{"href":"https:\/\/www.areabesos.com\/diario\/wp-json\/wp\/v2\/posts"}],"about":[{"href":"https:\/\/www.areabesos.com\/diario\/wp-json\/wp\/v2\/types\/post"}],"author":[{"embeddable":true,"href":"https:\/\/www.areabesos.com\/diario\/wp-json\/wp\/v2\/users\/1"}],"replies":[{"embeddable":true,"href":"https:\/\/www.areabesos.com\/diario\/wp-json\/wp\/v2\/comments?post=4463"}],"version-history":[{"count":2,"href":"https:\/\/www.areabesos.com\/diario\/wp-json\/wp\/v2\/posts\/4463\/revisions"}],"predecessor-version":[{"id":4467,"href":"https:\/\/www.areabesos.com\/diario\/wp-json\/wp\/v2\/posts\/4463\/revisions\/4467"}],"wp:featuredmedia":[{"embeddable":true,"href":"https:\/\/www.areabesos.com\/diario\/wp-json\/wp\/v2\/media\/4465"}],"wp:attachment":[{"href":"https:\/\/www.areabesos.com\/diario\/wp-json\/wp\/v2\/media?parent=4463"}],"wp:term":[{"taxonomy":"category","embeddable":true,"href":"https:\/\/www.areabesos.com\/diario\/wp-json\/wp\/v2\/categories?post=4463"},{"taxonomy":"post_tag","embeddable":true,"href":"https:\/\/www.areabesos.com\/diario\/wp-json\/wp\/v2\/tags?post=4463"}],"curies":[{"name":"wp","href":"https:\/\/api.w.org\/{rel}","templated":true}]}}