{"id":4445,"date":"2021-11-23T17:22:00","date_gmt":"2021-11-23T16:22:00","guid":{"rendered":"http:\/\/www.areabesos.com\/diario\/?p=4445"},"modified":"2021-11-24T12:33:56","modified_gmt":"2021-11-24T11:33:56","slug":"vesta-un-projecte-dinnovacio-social-i-treball-compartit-per-al-sensellarisme-femeni","status":"publish","type":"post","link":"https:\/\/www.areabesos.com\/diario\/vesta-un-projecte-dinnovacio-social-i-treball-compartit-per-al-sensellarisme-femeni\/","title":{"rendered":"VESTA, un projecte d\u2019innovaci\u00f3 social i treball compartit per al sensellarisme femen\u00ed"},"content":{"rendered":"\n<p>Avui s\u2019ha presentat al Consorci del Bes\u00f2s el projecte VESTA, un projecte pioner d\u2019acompanyament a dones amb infants a c\u00e0rrec i en situaci\u00f3 de sensellarisme al Bes\u00f2s.<\/p>\n\n\n\n<p>Es tracta d\u2019una iniciativa conjunta dels&nbsp;ajuntaments de Badalona, Santa Coloma de Gramenet, Sant Adri\u00e0 del Bes\u00f2s i Montcada i Reixac, de les entitats del Tercer Sector C\u00e0ritas Diocesana de Barcelona, Fundaci\u00f3 Formaci\u00f3 i Treball, Fundaci\u00f3 Mambr\u00e9 i Sant Joan de D\u00e9u-Serveis Socials, i tamb\u00e9 del Consorci del Bes\u00f2s. Compta amb el suport de l\u2019\u00c0rea Metropolitana de Barcelona i de l\u2019Ajuntament de Barcelona.<\/p>\n\n\n\n<p>La presentaci\u00f3 ha estat a c\u00e0rrec de l\u2019alcaldessa de Sant Adri\u00e0 de Bes\u00f2s,&nbsp;<strong>Filo Ca\u00f1ete;<\/strong>&nbsp;l\u2019alcalde de Badalona,&nbsp;<strong>Rub\u00e9n Guijarro;<\/strong>&nbsp;l\u2019alcaldessa de Santa Coloma de Gramenet,&nbsp;<strong>N\u00faria Parl\u00f3n;<\/strong>&nbsp;l\u2019alcaldessa de Montcada i Reixac,&nbsp;<strong>Laura Campos;<\/strong>&nbsp;el director de Sant Joan de D\u00e9u Serveis Socials,&nbsp;<strong>Salvador Maneu;<\/strong>&nbsp;la comissionada d\u2019Acci\u00f3 Social de l\u2019Ajuntament de Barcelona,&nbsp;<strong>S\u00f2nia Fuertes;<\/strong>&nbsp;i la vicepresidenta de Desenvolupament Social i Econ\u00f2mic de l\u2019AMB,&nbsp;<strong>Montserrat Ballar\u00edn.<\/strong><\/p>\n\n\n\n<p><strong>H<\/strong><strong>i han assistit tamb\u00e9 C<\/strong><strong>a<\/strong><strong>rme Ribas,&nbsp;<\/strong>gerent del Consorci del Bes\u00f2s;<strong>&nbsp;Salvador Busquets,&nbsp;<\/strong>director de C\u00e0ritas Diocesana de Barcelona;<strong>&nbsp;Marina Arnau, c<\/strong>odirectora de la Fundaci\u00f3 Formaci\u00f3 i Treball;<strong>&nbsp;i Txell Collelldemont,&nbsp;<\/strong>directora de la Fundaci\u00f3 Mambr\u00e9.<\/p>\n\n\n\n<p>L\u2019alcaldessa de Sant Adri\u00e0<strong>, Filo Ca\u00f1ete,<\/strong>&nbsp;ha assenyalat que malgrat que el territori Bes\u00f2s no vol especialitzar-se en la gesti\u00f3 de la pobresa i la vulnerabilitat, no es pot obviar la realitat, per aix\u00f2&nbsp;<strong>\u00abno donem l\u2019esquena als que m\u00e9s ho necessiten i no volem deixar ning\u00fa enrere\u00bb.<\/strong>&nbsp;L\u2019alcaldessa ha destacat tamb\u00e9 la import\u00e0ncia d\u2019actuar des de l\u2019\u00e0mbit local&nbsp;<strong>\u00abamb una perspectiva integral i innovadora\u00bb<\/strong>&nbsp;per donar una resposta eficient a les dificultats i problem\u00e0tiques socials de la ciutadania.<\/p>\n\n\n\n<div><a href=\"https:\/\/www.areabesos.com\/diario\/wp-content\/uploads\/2021\/11\/VESTA-2-1024x683.jpg\" class=\"td-modal-image\"><figure class=\"wp-block-image size-large\"><img loading=\"lazy\" decoding=\"async\" width=\"1024\" height=\"683\" src=\"https:\/\/www.areabesos.com\/diario\/wp-content\/uploads\/2021\/11\/VESTA-2-1024x683.jpg\" alt=\"\" class=\"wp-image-4446\" srcset=\"https:\/\/www.areabesos.com\/diario\/wp-content\/uploads\/2021\/11\/VESTA-2-1024x683.jpg 1024w, https:\/\/www.areabesos.com\/diario\/wp-content\/uploads\/2021\/11\/VESTA-2-300x200.jpg 300w, https:\/\/www.areabesos.com\/diario\/wp-content\/uploads\/2021\/11\/VESTA-2-768x512.jpg 768w, https:\/\/www.areabesos.com\/diario\/wp-content\/uploads\/2021\/11\/VESTA-2-150x100.jpg 150w, https:\/\/www.areabesos.com\/diario\/wp-content\/uploads\/2021\/11\/VESTA-2-696x464.jpg 696w, https:\/\/www.areabesos.com\/diario\/wp-content\/uploads\/2021\/11\/VESTA-2-1068x712.jpg 1068w, https:\/\/www.areabesos.com\/diario\/wp-content\/uploads\/2021\/11\/VESTA-2.jpg 1200w\" sizes=\"auto, (max-width: 1024px) 100vw, 1024px\" \/><figcaption>L&#8217;alcaldessa Filo Ca\u00f1ete, durant la seva intervenci\u00f3 a la presentaci\u00f3 del projecte.<\/figcaption><\/figure><\/a><\/div>\n\n\n\n<p>L\u2019alcalde de Badalona<strong>,&nbsp;<\/strong><strong>Rub\u00e9n Guijarro,<\/strong>&nbsp;ha destacat que el projecte VESTA posa&nbsp;<strong>\u00aben el centre a les persones que m\u00e9s ho necessiten\u00bb<\/strong>, i millorar la vida de les persones ha de ser l\u2019objectiu de la pol\u00edtica municipal.<\/p>\n\n\n\n<p><strong>N\u00faria Parl\u00f3n,<\/strong>&nbsp;alcaldessa de Santa Coloma de Gramenet, ha subratllat la suma de complicitats entre administracions i entitats com&nbsp;<strong>\u00abun valor afegit al projecte\u00bb<\/strong>&nbsp;i l\u2019ha definit com a&nbsp;<strong>\u00abprojecte inspirador\u00bb<\/strong>&nbsp;per a altres ajuntaments per combatre situacions de vulnerabilitat i pobresa.<\/p>\n\n\n\n<p><strong>Laura Campos<\/strong>, alcaldessa de Montcada i Reixac, ha ressaltat, en la mateixa l\u00ednia, que la iniciativa mostra el que ha de ser la pol\u00edtica municipal: transformadora, integral i col\u00b7laborativa. \u00ab<strong>Quatre municipis compartint problem\u00e0tiques i potencialitats conjuntes i oferint solucions conjuntes\u00bb,&nbsp;<\/strong>aquest \u00e9s l\u2019element diferenciador del projecte que \u00e9s un \u00ab<strong>exemple d\u2019una mirada oberta\u00bb.<\/strong><\/p>\n\n\n\n<p><strong>S<\/strong><strong>alvador Maneu,&nbsp;<\/strong>director de Sant Joan de D\u00e9u Serveis Socialsha parlat en nom de les 4 entitats&nbsp;implicades<strong>,&nbsp;<\/strong>i ha destacat el caire pioner de la iniciativa&nbsp;<strong>\u00abper l\u2019alian\u00e7a entre administracions p\u00fabliques i entitats que&nbsp;<\/strong><strong>el converteixen en un<\/strong><strong>&nbsp;projecte m\u00e9s eficient des del punt de vista econ\u00f2mic,&nbsp;<\/strong><strong>i tamb\u00e9 per la resposta integrada<\/strong><strong>&nbsp;a les expectatives de les dones i els infants\u00bb.&nbsp;<\/strong>Maneu ha afegit que el VESTA vol crear oportunitats perqu\u00e8 les dones i els seus fills puguin tenir una vida digna i dona un pas decidit&nbsp;<strong>\u00abper trencar amb les cadenes de transmissi\u00f3 de la pobresa\u00bb.<\/strong><\/p>\n\n\n\n<p><strong>S\u00f2nia Fuertes,&nbsp;<\/strong>comissionada d\u2019Acci\u00f3 Social de l\u2019Ajuntament de Barcelona, ha afirmat que el projecte VESTA&nbsp;<strong>\u00abposa de relleu el que ha de ser la governan\u00e7a del segle XXI\u00bb<\/strong>. Una governan\u00e7a que \u00abnom\u00e9s es pot entendre des de la&nbsp;col\u00b7laboraci\u00f3&nbsp;interinstitucional, que no ent\u00e9n de fronteres i que ha d\u2019incloure&nbsp;el teixit&nbsp;i les entitats socials per generar expertesa i coneixement i transformar i situar els drets de les persones al centre\u00bb.<\/p>\n\n\n\n<p><strong>Montserrat Ballar\u00edn<\/strong>, vicepresidenta de Desenvolupament Social i Econ\u00f2mic de l\u2019AMB, ha definit la iniciativa com\u00a0<strong>\u00abun projecte necessari nascut des de la proximitat\u00bb<\/strong>\u00a0que t\u00e9 com a fita millorar la vida de les dones,\u00a0<strong>\u00abun col.lectiu\u00a0vulnerable\u00a0sovint invisibilitzat\u00bb,<\/strong>\u00a0i els seus fills.\u00a0Ballar\u00edn tamb\u00e9 ha subratllat que\u00a0<strong>\u00abel Bes\u00f2s \u00e9s l\u2019\u00e0mbit amb m\u00e9s oportunitats i amb m\u00e9s futur\u00bb<\/strong>, per\u00f2 tamb\u00e9 ha afirmat que actualment \u00e9s una zona\u00a0amb rendes baixes, per sota de la mitja de l\u2019\u00e0rea metropolitana,\u00a0i que per tant \u00e9s important sumar esfor\u00e7os i treballar plegats.<\/p>\n\n\n\n<div><a href=\"https:\/\/www.areabesos.com\/diario\/wp-content\/uploads\/2021\/11\/VESTA_Testimoni-11-1024x684.jpg\" class=\"td-modal-image\"><figure class=\"wp-block-image size-large\"><img loading=\"lazy\" decoding=\"async\" width=\"1024\" height=\"684\" src=\"https:\/\/www.areabesos.com\/diario\/wp-content\/uploads\/2021\/11\/VESTA_Testimoni-11-1024x684.jpg\" alt=\"\" class=\"wp-image-4447\" srcset=\"https:\/\/www.areabesos.com\/diario\/wp-content\/uploads\/2021\/11\/VESTA_Testimoni-11-1024x684.jpg 1024w, https:\/\/www.areabesos.com\/diario\/wp-content\/uploads\/2021\/11\/VESTA_Testimoni-11-300x201.jpg 300w, https:\/\/www.areabesos.com\/diario\/wp-content\/uploads\/2021\/11\/VESTA_Testimoni-11-768x513.jpg 768w, https:\/\/www.areabesos.com\/diario\/wp-content\/uploads\/2021\/11\/VESTA_Testimoni-11-150x100.jpg 150w, https:\/\/www.areabesos.com\/diario\/wp-content\/uploads\/2021\/11\/VESTA_Testimoni-11-696x465.jpg 696w, https:\/\/www.areabesos.com\/diario\/wp-content\/uploads\/2021\/11\/VESTA_Testimoni-11-1068x714.jpg 1068w, https:\/\/www.areabesos.com\/diario\/wp-content\/uploads\/2021\/11\/VESTA_Testimoni-11.jpg 1200w\" sizes=\"auto, (max-width: 1024px) 100vw, 1024px\" \/><\/figure><\/a><\/div>\n\n\n\n<p><strong>L\u2019 acompanyament integral i l\u2019habitatge, els pilars del projecte<\/strong><\/p>\n\n\n\n<p>El VESTA reposa en dos pilars: d\u2019una banda el tractament de l\u2019habitatge com un dret oferint soluci\u00f3 residencial a les persones participants, i de l\u2019altra l\u2019acompanyament integral, posant en el centre les necessitats i els moments de les persones ateses, acompanyant-les vers la recuperaci\u00f3 del propi projecte vital. L\u2019acompanyament a les persones participants al projecte es concreta en tres \u00e0mbits: habitatge, social i laboral.<\/p>\n\n\n\n<p>El projecte at\u00e9n fam\u00edlies monomarentals amb infants a c\u00e0rrec que es troben en una situaci\u00f3 de sense llar (habitatge insegur) residint actualment en hostals o pensions, habitacions rellogades&#8230;proporcionades pels Ajuntaments de Badalona, Santa Coloma de Gramenet, Sant Adri\u00e0 de Bes\u00f2s i Montcada i Reixac, i que es troben en situaci\u00f3 administrativa regular, amb ingressos m\u00ednims i que accepten un acompanyament social i d\u2019inserci\u00f3 laboral.<\/p>\n\n\n\n<p>Durant la prova pilot del programa es podran atendre 30 persones simult\u00e0niament. Despr\u00e9s d\u2019un per\u00edode de 3 anys s\u2019haur\u00e0 de comprovar l\u2019efic\u00e0cia dels elements d\u2019innovaci\u00f3 social i del treball compartit entre totes les institucions implicades.<\/p>\n\n\n\n<p>La voluntat \u00e9s replicar aquesta f\u00f3rmula en altres \u00e0mbits territorials, i estendre-la de manera m\u00e9s generalitzada a la mateixa zona del Bes\u00f2s, i incloure altres agents en el seu desenvolupament.<\/p>\n","protected":false},"excerpt":{"rendered":"<p>Avui s\u2019ha presentat al Consorci del Bes\u00f2s el projecte VESTA, un projecte pioner d\u2019acompanyament a dones amb infants a c\u00e0rrec i en situaci\u00f3 de sensellarisme al Bes\u00f2s. Es tracta d\u2019una iniciativa conjunta dels&nbsp;ajuntaments de Badalona, Santa Coloma de Gramenet, Sant Adri\u00e0 del Bes\u00f2s i Montcada i Reixac, de les entitats del Tercer Sector C\u00e0ritas Diocesana [&hellip;]<\/p>\n","protected":false},"author":2,"featured_media":4449,"comment_status":"open","ping_status":"open","sticky":false,"template":"","format":"standard","meta":{"footnotes":""},"categories":[134,135],"tags":[],"class_list":{"0":"post-4445","1":"post","2":"type-post","3":"status-publish","4":"format-standard","5":"has-post-thumbnail","7":"category-actualitat","8":"category-societat"},"_links":{"self":[{"href":"https:\/\/www.areabesos.com\/diario\/wp-json\/wp\/v2\/posts\/4445","targetHints":{"allow":["GET"]}}],"collection":[{"href":"https:\/\/www.areabesos.com\/diario\/wp-json\/wp\/v2\/posts"}],"about":[{"href":"https:\/\/www.areabesos.com\/diario\/wp-json\/wp\/v2\/types\/post"}],"author":[{"embeddable":true,"href":"https:\/\/www.areabesos.com\/diario\/wp-json\/wp\/v2\/users\/2"}],"replies":[{"embeddable":true,"href":"https:\/\/www.areabesos.com\/diario\/wp-json\/wp\/v2\/comments?post=4445"}],"version-history":[{"count":1,"href":"https:\/\/www.areabesos.com\/diario\/wp-json\/wp\/v2\/posts\/4445\/revisions"}],"predecessor-version":[{"id":4450,"href":"https:\/\/www.areabesos.com\/diario\/wp-json\/wp\/v2\/posts\/4445\/revisions\/4450"}],"wp:featuredmedia":[{"embeddable":true,"href":"https:\/\/www.areabesos.com\/diario\/wp-json\/wp\/v2\/media\/4449"}],"wp:attachment":[{"href":"https:\/\/www.areabesos.com\/diario\/wp-json\/wp\/v2\/media?parent=4445"}],"wp:term":[{"taxonomy":"category","embeddable":true,"href":"https:\/\/www.areabesos.com\/diario\/wp-json\/wp\/v2\/categories?post=4445"},{"taxonomy":"post_tag","embeddable":true,"href":"https:\/\/www.areabesos.com\/diario\/wp-json\/wp\/v2\/tags?post=4445"}],"curies":[{"name":"wp","href":"https:\/\/api.w.org\/{rel}","templated":true}]}}