{"id":4441,"date":"2021-11-23T11:25:00","date_gmt":"2021-11-23T10:25:00","guid":{"rendered":"http:\/\/www.areabesos.com\/diario\/?p=4441"},"modified":"2021-11-24T11:29:31","modified_gmt":"2021-11-24T10:29:31","slug":"sant-adria-de-besos-se-solidaritza-amb-la-palma","status":"publish","type":"post","link":"https:\/\/www.areabesos.com\/diario\/sant-adria-de-besos-se-solidaritza-amb-la-palma\/","title":{"rendered":"Sant Adri\u00e0 de Bes\u00f2s se solidaritza amb La Palma"},"content":{"rendered":"\n<p>El proper dissabte 27 de novembre, est\u00e0 prevista una jornada de solidaritat a favor de les persones afectades per l&#8217;erupci\u00f3 del volc\u00e0 Cumbre Vieja a l&#8217;illa de La Palma.<\/p>\n\n\n\n<p>Al llarg del mat\u00ed, les entitats del municipi col\u00b7laboraran amb la seva participaci\u00f3 a trav\u00e9s de mostra de balls, venent articles o altres activitats. A les 12h. hi haur\u00e0 un espectacle familiar a c\u00e0rrec de La Tresca i la Verdesca. Tancarem la matinal a les 14h.<\/p>\n\n\n\n<p>Per la tarda hi haur\u00e0 un concert solidari a c\u00e0rrec de 4 grups de m\u00fasica del nostre municipi: Piketa&#8217;s, Caf\u00e8 a les Sis, Noviembre i Yellowarriors.<\/p>\n\n\n\n<p>Tindrem la pres\u00e8ncia durant tota jornada de la Creu Roja del Barcelon\u00e8s Nord, per tal de canalitzar els donatius i, a m\u00e9s, informaran del treball que estan fent sobre el terreny a La Palma amb les persones afectades.<\/p>\n\n\n\n<p>Inici de l&#8217;acte a les 10.30h amb SambaS\u00f3 i xocolatada solidaria amb xocolata de Comer\u00e7 Just.<\/p>\n\n\n\n<p>Es podran adquirir els tiquets per a la xocolatada el mateix mat\u00ed a la pla\u00e7a de la Vila. Ser\u00e0 obligatori l&#8217;\u00fas de la mascareta en tot moment.<\/p>\n\n\n\n<p> <\/p>\n","protected":false},"excerpt":{"rendered":"<p>El proper dissabte 27 de novembre, est\u00e0 prevista una jornada de solidaritat a favor de les persones afectades per l&#8217;erupci\u00f3 del volc\u00e0 Cumbre Vieja a l&#8217;illa de La Palma. Al llarg del mat\u00ed, les entitats del municipi col\u00b7laboraran amb la seva participaci\u00f3 a trav\u00e9s de mostra de balls, venent articles o altres activitats. A les [&hellip;]<\/p>\n","protected":false},"author":2,"featured_media":4443,"comment_status":"open","ping_status":"open","sticky":false,"template":"","format":"standard","meta":{"footnotes":""},"categories":[134,135],"tags":[],"class_list":{"0":"post-4441","1":"post","2":"type-post","3":"status-publish","4":"format-standard","5":"has-post-thumbnail","7":"category-actualitat","8":"category-societat"},"_links":{"self":[{"href":"https:\/\/www.areabesos.com\/diario\/wp-json\/wp\/v2\/posts\/4441","targetHints":{"allow":["GET"]}}],"collection":[{"href":"https:\/\/www.areabesos.com\/diario\/wp-json\/wp\/v2\/posts"}],"about":[{"href":"https:\/\/www.areabesos.com\/diario\/wp-json\/wp\/v2\/types\/post"}],"author":[{"embeddable":true,"href":"https:\/\/www.areabesos.com\/diario\/wp-json\/wp\/v2\/users\/2"}],"replies":[{"embeddable":true,"href":"https:\/\/www.areabesos.com\/diario\/wp-json\/wp\/v2\/comments?post=4441"}],"version-history":[{"count":1,"href":"https:\/\/www.areabesos.com\/diario\/wp-json\/wp\/v2\/posts\/4441\/revisions"}],"predecessor-version":[{"id":4444,"href":"https:\/\/www.areabesos.com\/diario\/wp-json\/wp\/v2\/posts\/4441\/revisions\/4444"}],"wp:featuredmedia":[{"embeddable":true,"href":"https:\/\/www.areabesos.com\/diario\/wp-json\/wp\/v2\/media\/4443"}],"wp:attachment":[{"href":"https:\/\/www.areabesos.com\/diario\/wp-json\/wp\/v2\/media?parent=4441"}],"wp:term":[{"taxonomy":"category","embeddable":true,"href":"https:\/\/www.areabesos.com\/diario\/wp-json\/wp\/v2\/categories?post=4441"},{"taxonomy":"post_tag","embeddable":true,"href":"https:\/\/www.areabesos.com\/diario\/wp-json\/wp\/v2\/tags?post=4441"}],"curies":[{"name":"wp","href":"https:\/\/api.w.org\/{rel}","templated":true}]}}