{"id":4433,"date":"2021-11-19T10:27:00","date_gmt":"2021-11-19T09:27:00","guid":{"rendered":"http:\/\/www.areabesos.com\/diario\/?p=4433"},"modified":"2021-11-24T10:29:49","modified_gmt":"2021-11-24T09:29:49","slug":"cineforum-mediambiental-sobre-la-contaminacio-del-sol-a-sant-adria","status":"publish","type":"post","link":"https:\/\/www.areabesos.com\/diario\/cineforum-mediambiental-sobre-la-contaminacio-del-sol-a-sant-adria\/","title":{"rendered":"Cinef\u00f2rum mediambiental sobre la contaminaci\u00f3 del s\u00f2l a Sant Adri\u00e0"},"content":{"rendered":"\n<p>Ahir dijous al Centre de Joan Fiveller el Casal Popular Les Besossades conjuntament amb Marea Verde i Stop Crematori, va organitzar un Cinef\u00f2rum mediambiental amb la participaci\u00f3 de les activistes Laura Gonz\u00e1lez i Pedro Gusi.<\/p>\n\n\n\n<p>En aquest marc, es va passar el Documental em\u00e9s per TVE &#8216;Suelos con memoria&#8217; en el qual es tracta la contaminaci\u00f3 del s\u00f2l en el cas especial de Sant Adri\u00e0 i on passat el temps queda ben palesa la mentida i els incompliments de l&#8217;administraci\u00f3 municipal respecte a la contaminaci\u00f3 dels nostres barris i l&#8217;habitat natural adrianenc.<\/p>\n\n\n\n<p>En el mateix documental es fa una an\u00e1lisi dels materials contaminants que habiten el nostre s\u00f2l i com aquests interactuen, amenacen i condicionen la vida d&#8217;aquelles persones que vivim exposades als mateixos i que en conseq\u00fc\u00e8ncia v\u00e8iem disminuides la qualitat i esperan\u00e7a de vida.<\/p>\n\n\n\n<p>Laura Gonz\u00e0lez i Pedro Gusi van exposar una situaci\u00f3 actual decebedora per la inacci\u00f3 del govern municipal que moltes vegades posa massa trabes i sovint \u00e9s poc transparent i que no cuida la vida de la seva gent. Ambd\u00f3s activistes, de manera did\u00e0ctica, van anar exposant al p\u00fablic que omplia la sala com afecta aquesta contaminaci\u00f3 a la vida de les adrianenques i quines actuacions s&#8217;haurien de dur a terme i avui resten en l&#8217;oblit municipal, auton\u00f2mic i estatal. Una exposici\u00f3 brillant i \u00e0gil que m\u00e9s extensament publicar\u00e1n en forma d&#8217;un llibre en el que hi estan treballant plegades.<\/p>\n\n\n\n<p>Amb aquest acte, el Casal Les Besossades refor\u00e7a el seu comprom\u00eds ambiental i segueix teixint complicitats amb entitats de la ciutat que cerquen models socials alternatius.<\/p>\n","protected":false},"excerpt":{"rendered":"<p>Ahir dijous al Centre de Joan Fiveller el Casal Popular Les Besossades conjuntament amb Marea Verde i Stop Crematori, va organitzar un Cinef\u00f2rum mediambiental amb la participaci\u00f3 de les activistes Laura Gonz\u00e1lez i Pedro Gusi. En aquest marc, es va passar el Documental em\u00e9s per TVE &#8216;Suelos con memoria&#8217; en el qual es tracta la [&hellip;]<\/p>\n","protected":false},"author":2,"featured_media":4434,"comment_status":"open","ping_status":"open","sticky":false,"template":"","format":"standard","meta":{"footnotes":""},"categories":[134,135],"tags":[],"class_list":{"0":"post-4433","1":"post","2":"type-post","3":"status-publish","4":"format-standard","5":"has-post-thumbnail","7":"category-actualitat","8":"category-societat"},"_links":{"self":[{"href":"https:\/\/www.areabesos.com\/diario\/wp-json\/wp\/v2\/posts\/4433","targetHints":{"allow":["GET"]}}],"collection":[{"href":"https:\/\/www.areabesos.com\/diario\/wp-json\/wp\/v2\/posts"}],"about":[{"href":"https:\/\/www.areabesos.com\/diario\/wp-json\/wp\/v2\/types\/post"}],"author":[{"embeddable":true,"href":"https:\/\/www.areabesos.com\/diario\/wp-json\/wp\/v2\/users\/2"}],"replies":[{"embeddable":true,"href":"https:\/\/www.areabesos.com\/diario\/wp-json\/wp\/v2\/comments?post=4433"}],"version-history":[{"count":1,"href":"https:\/\/www.areabesos.com\/diario\/wp-json\/wp\/v2\/posts\/4433\/revisions"}],"predecessor-version":[{"id":4435,"href":"https:\/\/www.areabesos.com\/diario\/wp-json\/wp\/v2\/posts\/4433\/revisions\/4435"}],"wp:featuredmedia":[{"embeddable":true,"href":"https:\/\/www.areabesos.com\/diario\/wp-json\/wp\/v2\/media\/4434"}],"wp:attachment":[{"href":"https:\/\/www.areabesos.com\/diario\/wp-json\/wp\/v2\/media?parent=4433"}],"wp:term":[{"taxonomy":"category","embeddable":true,"href":"https:\/\/www.areabesos.com\/diario\/wp-json\/wp\/v2\/categories?post=4433"},{"taxonomy":"post_tag","embeddable":true,"href":"https:\/\/www.areabesos.com\/diario\/wp-json\/wp\/v2\/tags?post=4433"}],"curies":[{"name":"wp","href":"https:\/\/api.w.org\/{rel}","templated":true}]}}