{"id":4428,"date":"2021-11-19T10:54:37","date_gmt":"2021-11-19T09:54:37","guid":{"rendered":"http:\/\/www.areabesos.com\/diario\/?p=4428"},"modified":"2021-11-19T10:54:38","modified_gmt":"2021-11-19T09:54:38","slug":"erc-sant-adria-alerta-que-la-regulacio-dels-patinets-aprovada-fa-mesos-encara-no-es-vigent","status":"publish","type":"post","link":"https:\/\/www.areabesos.com\/diario\/erc-sant-adria-alerta-que-la-regulacio-dels-patinets-aprovada-fa-mesos-encara-no-es-vigent\/","title":{"rendered":"ERC Sant Adri\u00e0 alerta que la regulaci\u00f3 dels patinets aprovada fa mesos encara no \u00e9s vigent"},"content":{"rendered":"\n<p>Al setembre del 2019, iniciada la legislatura, ERC Sant Adri\u00e0 va presentar una moci\u00f3 al Ple, que va ser aprovada per una majoria folgada, a on es demanava a l\u2019equip de govern municipal que desenvolup\u00e9s una normativa municipal per regular els patinets el\u00e8ctrics.<\/p>\n\n\n\n<p>L\u2019ordenan\u00e7a finalment va ser aprovada al gener d\u2019enguany, en un ple pol\u00e8mic pel fet que el partit republic\u00e0 va advertir sobre la mancan\u00e7a d\u2019alguns articles importants que ja preveia la&nbsp; normativa estatal elaborada per la Direcci\u00f3 General de Tr\u00e0nsit (DGT).<\/p>\n\n\n\n<p>Per\u00f2 tot i haver estat aprovada, i despr\u00e9s d\u2019haver preguntat a quatre comissions i dos plens sobre el tema, els republicans han descobert, arran d\u2019una petici\u00f3 a la Policia Local sobre el nombre de den\u00fancies interposades als patinets durant el 2021, que l\u2019ordenan\u00e7a encara no ha estat publicada. Aix\u00ed doncs,<strong> li manca validesa jur\u00eddica perqu\u00e8 la Policia Local la pugui fer servir de cara a interposar sancions o advertiments als que no la compleixen<\/strong>, motiu pel qual s\u2019han d\u2019emparar en la normativa general de la DGT com a \u00fanica eina per poder desenvolupar la seva tasca.<\/p>\n\n\n\n<p>Els republicans volen fer p\u00fablica aquesta situaci\u00f3 at\u00e8s que consideren que despr\u00e9s de dos anys l\u2019equip de govern ha tingut prou temps per enllestir l\u2019ordenan\u00e7a, aprovar-la al Ple i publicar-la perqu\u00e8 tingui els efectes desitjats. \u201c<em>\u00c9s del tot inacceptable que despr\u00e9s d\u2019haver-ho demanat per totes les vies encara no tinguem l\u2019ordenan\u00e7a que regula els patinets. \u00c9s per pura des\u00eddia i manca de capacitat per trobar les solucions als problemes de Sant Adri\u00e0<\/em>\u201d, argumenta el portaveu republic\u00e0, Rub\u00e8n Arenas.<\/p>\n","protected":false},"excerpt":{"rendered":"<p>Al setembre del 2019, iniciada la legislatura, ERC Sant Adri\u00e0 va presentar una moci\u00f3 al Ple, que va ser aprovada per una majoria folgada, a on es demanava a l\u2019equip de govern municipal que desenvolup\u00e9s una normativa municipal per regular els patinets el\u00e8ctrics. L\u2019ordenan\u00e7a finalment va ser aprovada al gener d\u2019enguany, en un ple pol\u00e8mic [&hellip;]<\/p>\n","protected":false},"author":2,"featured_media":4429,"comment_status":"open","ping_status":"open","sticky":false,"template":"","format":"standard","meta":{"footnotes":""},"categories":[134,135],"tags":[],"class_list":{"0":"post-4428","1":"post","2":"type-post","3":"status-publish","4":"format-standard","5":"has-post-thumbnail","7":"category-actualitat","8":"category-societat"},"_links":{"self":[{"href":"https:\/\/www.areabesos.com\/diario\/wp-json\/wp\/v2\/posts\/4428","targetHints":{"allow":["GET"]}}],"collection":[{"href":"https:\/\/www.areabesos.com\/diario\/wp-json\/wp\/v2\/posts"}],"about":[{"href":"https:\/\/www.areabesos.com\/diario\/wp-json\/wp\/v2\/types\/post"}],"author":[{"embeddable":true,"href":"https:\/\/www.areabesos.com\/diario\/wp-json\/wp\/v2\/users\/2"}],"replies":[{"embeddable":true,"href":"https:\/\/www.areabesos.com\/diario\/wp-json\/wp\/v2\/comments?post=4428"}],"version-history":[{"count":1,"href":"https:\/\/www.areabesos.com\/diario\/wp-json\/wp\/v2\/posts\/4428\/revisions"}],"predecessor-version":[{"id":4430,"href":"https:\/\/www.areabesos.com\/diario\/wp-json\/wp\/v2\/posts\/4428\/revisions\/4430"}],"wp:featuredmedia":[{"embeddable":true,"href":"https:\/\/www.areabesos.com\/diario\/wp-json\/wp\/v2\/media\/4429"}],"wp:attachment":[{"href":"https:\/\/www.areabesos.com\/diario\/wp-json\/wp\/v2\/media?parent=4428"}],"wp:term":[{"taxonomy":"category","embeddable":true,"href":"https:\/\/www.areabesos.com\/diario\/wp-json\/wp\/v2\/categories?post=4428"},{"taxonomy":"post_tag","embeddable":true,"href":"https:\/\/www.areabesos.com\/diario\/wp-json\/wp\/v2\/tags?post=4428"}],"curies":[{"name":"wp","href":"https:\/\/api.w.org\/{rel}","templated":true}]}}