{"id":4423,"date":"2021-11-18T11:13:08","date_gmt":"2021-11-18T10:13:08","guid":{"rendered":"http:\/\/www.areabesos.com\/diario\/?p=4423"},"modified":"2021-11-18T11:13:09","modified_gmt":"2021-11-18T10:13:09","slug":"sinicien-les-activitats-pel-dia-internacional-contra-la-violencia-vers-les-dones","status":"publish","type":"post","link":"https:\/\/www.areabesos.com\/diario\/sinicien-les-activitats-pel-dia-internacional-contra-la-violencia-vers-les-dones\/","title":{"rendered":"S&#8217;inicien les activitats pel Dia Internacional contra la Viol\u00e8ncia vers les Dones"},"content":{"rendered":"\n<p>Un any m\u00e9s Sant Adri\u00e0 se sumar\u00e0 a la celebraci\u00f3 del&nbsp;<strong>25 de novembre, Dia Internacional contra la Viol\u00e8ncia vers les Dones<\/strong>. Enguany l\u2019 Ajuntament i entitats han sumat esfor\u00e7os per oferir a la ciutadania un programa d\u2019activitats que t\u00e9 com a objectiu sensibilitzar i conscienciar la poblaci\u00f3 sobre aquest problema social i la import\u00e0ncia de lluitar tots plegats per eradicar-lo.<\/p>\n\n\n\n<p>El programa es desenvolupar\u00e0 durant tot aquest mes i\u00a0<strong>comen\u00e7ar\u00e0 avui 18 de novembre<\/strong>\u00a0amb la inauguraci\u00f3 de l\u2019exposici\u00f3 \u00abLa viol\u00e8ncia masclista t\u00e9 la seva hist\u00f2ria\u00bb,\u00a0realitzada per l\u2019equip del Centre d\u2019Informaci\u00f3 i Orientaci\u00f3 de la Dona (CIOD),\u00a0que es podr\u00e0 visitar fins al 26 de novembre al Centre de producci\u00f3 cultural i juvenil Polidor,\u00a0i del 29 de novembre al 3 de desembre al Centre Cultural Bes\u00f2s. El 25 de novembre la fa\u00e7ana de l\u2019Ajuntament s&#8217;il\u00b7luminar\u00e0 de lila i s\u2019organitzaran un ampli ventall d\u2019activitats, entre elles la concentraci\u00f3 de rebuig contra la viol\u00e8ncia masclista a la pl. de la Vila.\u00a0Durant l\u2019acte de concentraci\u00f3 \u00e9s llegir\u00e0 un manifest i es projectar\u00e0 un audiovisual on ciutadans i ciutadanes de Sant Adri\u00e0 expressaran el seu rebuig a la viol\u00e8ncia masclista.<\/p>\n\n\n\n<p>Aqu\u00ed podeu veure el programa complet:<\/p>\n\n\n\n<div><a href=\"https:\/\/www.areabesos.com\/diario\/wp-content\/uploads\/2021\/11\/25N_mail-1-1024x724.jpg\" class=\"td-modal-image\"><figure class=\"wp-block-image size-large\"><img loading=\"lazy\" decoding=\"async\" width=\"1024\" height=\"724\" src=\"https:\/\/www.areabesos.com\/diario\/wp-content\/uploads\/2021\/11\/25N_mail-1-1024x724.jpg\" alt=\"\" class=\"wp-image-4424\" srcset=\"https:\/\/www.areabesos.com\/diario\/wp-content\/uploads\/2021\/11\/25N_mail-1-1024x724.jpg 1024w, https:\/\/www.areabesos.com\/diario\/wp-content\/uploads\/2021\/11\/25N_mail-1-300x212.jpg 300w, https:\/\/www.areabesos.com\/diario\/wp-content\/uploads\/2021\/11\/25N_mail-1-768x543.jpg 768w, https:\/\/www.areabesos.com\/diario\/wp-content\/uploads\/2021\/11\/25N_mail-1-150x106.jpg 150w, https:\/\/www.areabesos.com\/diario\/wp-content\/uploads\/2021\/11\/25N_mail-1-696x492.jpg 696w, https:\/\/www.areabesos.com\/diario\/wp-content\/uploads\/2021\/11\/25N_mail-1-1068x756.jpg 1068w, https:\/\/www.areabesos.com\/diario\/wp-content\/uploads\/2021\/11\/25N_mail-1.jpg 1200w\" sizes=\"auto, (max-width: 1024px) 100vw, 1024px\" \/><\/figure><\/a><\/div>\n\n\n\n<div><a href=\"https:\/\/www.areabesos.com\/diario\/wp-content\/uploads\/2021\/11\/25N_mail-2-1024x664.jpg\" class=\"td-modal-image\"><figure class=\"wp-block-image size-large\"><img loading=\"lazy\" decoding=\"async\" width=\"1024\" height=\"664\" src=\"https:\/\/www.areabesos.com\/diario\/wp-content\/uploads\/2021\/11\/25N_mail-2-1024x664.jpg\" alt=\"\" class=\"wp-image-4425\" srcset=\"https:\/\/www.areabesos.com\/diario\/wp-content\/uploads\/2021\/11\/25N_mail-2-1024x664.jpg 1024w, https:\/\/www.areabesos.com\/diario\/wp-content\/uploads\/2021\/11\/25N_mail-2-300x195.jpg 300w, https:\/\/www.areabesos.com\/diario\/wp-content\/uploads\/2021\/11\/25N_mail-2-768x498.jpg 768w, https:\/\/www.areabesos.com\/diario\/wp-content\/uploads\/2021\/11\/25N_mail-2-150x97.jpg 150w, https:\/\/www.areabesos.com\/diario\/wp-content\/uploads\/2021\/11\/25N_mail-2-696x451.jpg 696w, https:\/\/www.areabesos.com\/diario\/wp-content\/uploads\/2021\/11\/25N_mail-2-1068x692.jpg 1068w, https:\/\/www.areabesos.com\/diario\/wp-content\/uploads\/2021\/11\/25N_mail-2.jpg 1200w\" sizes=\"auto, (max-width: 1024px) 100vw, 1024px\" \/><\/figure><\/a><\/div>\n","protected":false},"excerpt":{"rendered":"<p>Un any m\u00e9s Sant Adri\u00e0 se sumar\u00e0 a la celebraci\u00f3 del&nbsp;25 de novembre, Dia Internacional contra la Viol\u00e8ncia vers les Dones. Enguany l\u2019 Ajuntament i entitats han sumat esfor\u00e7os per oferir a la ciutadania un programa d\u2019activitats que t\u00e9 com a objectiu sensibilitzar i conscienciar la poblaci\u00f3 sobre aquest problema social i la import\u00e0ncia de [&hellip;]<\/p>\n","protected":false},"author":1,"featured_media":4426,"comment_status":"open","ping_status":"open","sticky":false,"template":"","format":"standard","meta":{"footnotes":""},"categories":[134,135],"tags":[],"class_list":{"0":"post-4423","1":"post","2":"type-post","3":"status-publish","4":"format-standard","5":"has-post-thumbnail","7":"category-actualitat","8":"category-societat"},"_links":{"self":[{"href":"https:\/\/www.areabesos.com\/diario\/wp-json\/wp\/v2\/posts\/4423","targetHints":{"allow":["GET"]}}],"collection":[{"href":"https:\/\/www.areabesos.com\/diario\/wp-json\/wp\/v2\/posts"}],"about":[{"href":"https:\/\/www.areabesos.com\/diario\/wp-json\/wp\/v2\/types\/post"}],"author":[{"embeddable":true,"href":"https:\/\/www.areabesos.com\/diario\/wp-json\/wp\/v2\/users\/1"}],"replies":[{"embeddable":true,"href":"https:\/\/www.areabesos.com\/diario\/wp-json\/wp\/v2\/comments?post=4423"}],"version-history":[{"count":1,"href":"https:\/\/www.areabesos.com\/diario\/wp-json\/wp\/v2\/posts\/4423\/revisions"}],"predecessor-version":[{"id":4427,"href":"https:\/\/www.areabesos.com\/diario\/wp-json\/wp\/v2\/posts\/4423\/revisions\/4427"}],"wp:featuredmedia":[{"embeddable":true,"href":"https:\/\/www.areabesos.com\/diario\/wp-json\/wp\/v2\/media\/4426"}],"wp:attachment":[{"href":"https:\/\/www.areabesos.com\/diario\/wp-json\/wp\/v2\/media?parent=4423"}],"wp:term":[{"taxonomy":"category","embeddable":true,"href":"https:\/\/www.areabesos.com\/diario\/wp-json\/wp\/v2\/categories?post=4423"},{"taxonomy":"post_tag","embeddable":true,"href":"https:\/\/www.areabesos.com\/diario\/wp-json\/wp\/v2\/tags?post=4423"}],"curies":[{"name":"wp","href":"https:\/\/api.w.org\/{rel}","templated":true}]}}