{"id":4412,"date":"2021-11-17T11:14:58","date_gmt":"2021-11-17T10:14:58","guid":{"rendered":"http:\/\/www.areabesos.com\/diario\/?p=4412"},"modified":"2021-11-17T11:15:00","modified_gmt":"2021-11-17T10:15:00","slug":"el-refugi-antiaeri-acull-la-presentacio-del-llibre-dones-valentes-de-txell-feixas","status":"publish","type":"post","link":"https:\/\/www.areabesos.com\/diario\/el-refugi-antiaeri-acull-la-presentacio-del-llibre-dones-valentes-de-txell-feixas\/","title":{"rendered":"El refugi antiaeri acull la presentaci\u00f3 del llibre \u00abDones valentes\u00bb de Txell Feixas"},"content":{"rendered":"\n<p>El proper dimarts, 23 de novembre, a les 19 hores, tindr\u00e0 lloc al refugi antiaeri de la Placeta Maci\u00e0 la presentaci\u00f3 del llibre \u00abDones valentes\u00bb, de la periodista Txell Feixas, corresponsal de TV3 i Catalunya R\u00e0dio a l&#8217;Orient Mitj\u00e0. Un relat sobre la vida d&#8217;unes dones que estan duent a terme una revoluci\u00f3, potser no molt sorollosa, per\u00f2 real, a Beirut, Gaza, Rojava, a S\u00edria, al Kusdistan iraqui\u00e0. Una lluita per reclamar els seus drets, dret a una educaci\u00f3, a una feina digna, a ser elles mateixes.<\/p>\n\n\n\n<p>L&#8217;acte de presentaci\u00f3 ser\u00e0 conduit per Sandra Pardo, presidenta de la Fundaci\u00f3 Pare Manel. <\/p>\n","protected":false},"excerpt":{"rendered":"<p>El proper dimarts, 23 de novembre, a les 19 hores, tindr\u00e0 lloc al refugi antiaeri de la Placeta Maci\u00e0 la presentaci\u00f3 del llibre \u00abDones valentes\u00bb, de la periodista Txell Feixas, corresponsal de TV3 i Catalunya R\u00e0dio a l&#8217;Orient Mitj\u00e0. Un relat sobre la vida d&#8217;unes dones que estan duent a terme una revoluci\u00f3, potser no [&hellip;]<\/p>\n","protected":false},"author":2,"featured_media":4413,"comment_status":"open","ping_status":"open","sticky":false,"template":"","format":"standard","meta":{"footnotes":""},"categories":[136],"tags":[],"class_list":{"0":"post-4412","1":"post","2":"type-post","3":"status-publish","4":"format-standard","5":"has-post-thumbnail","7":"category-cultura"},"_links":{"self":[{"href":"https:\/\/www.areabesos.com\/diario\/wp-json\/wp\/v2\/posts\/4412","targetHints":{"allow":["GET"]}}],"collection":[{"href":"https:\/\/www.areabesos.com\/diario\/wp-json\/wp\/v2\/posts"}],"about":[{"href":"https:\/\/www.areabesos.com\/diario\/wp-json\/wp\/v2\/types\/post"}],"author":[{"embeddable":true,"href":"https:\/\/www.areabesos.com\/diario\/wp-json\/wp\/v2\/users\/2"}],"replies":[{"embeddable":true,"href":"https:\/\/www.areabesos.com\/diario\/wp-json\/wp\/v2\/comments?post=4412"}],"version-history":[{"count":1,"href":"https:\/\/www.areabesos.com\/diario\/wp-json\/wp\/v2\/posts\/4412\/revisions"}],"predecessor-version":[{"id":4414,"href":"https:\/\/www.areabesos.com\/diario\/wp-json\/wp\/v2\/posts\/4412\/revisions\/4414"}],"wp:featuredmedia":[{"embeddable":true,"href":"https:\/\/www.areabesos.com\/diario\/wp-json\/wp\/v2\/media\/4413"}],"wp:attachment":[{"href":"https:\/\/www.areabesos.com\/diario\/wp-json\/wp\/v2\/media?parent=4412"}],"wp:term":[{"taxonomy":"category","embeddable":true,"href":"https:\/\/www.areabesos.com\/diario\/wp-json\/wp\/v2\/categories?post=4412"},{"taxonomy":"post_tag","embeddable":true,"href":"https:\/\/www.areabesos.com\/diario\/wp-json\/wp\/v2\/tags?post=4412"}],"curies":[{"name":"wp","href":"https:\/\/api.w.org\/{rel}","templated":true}]}}