{"id":4406,"date":"2021-11-12T13:08:13","date_gmt":"2021-11-12T12:08:13","guid":{"rendered":"http:\/\/www.areabesos.com\/diario\/?p=4406"},"modified":"2021-11-12T13:08:13","modified_gmt":"2021-11-12T12:08:13","slug":"campanya-per-detectar-immobles-buits","status":"publish","type":"post","link":"https:\/\/www.areabesos.com\/diario\/campanya-per-detectar-immobles-buits\/","title":{"rendered":"Campanya per detectar immobles buits"},"content":{"rendered":"\n<p>L\u2019Ajuntament de Sant Adri\u00e0 de Bes\u00f2s ha encetat una campanya de comprovaci\u00f3 d&#8217;habitatges que t\u00e9 com a objectiu verificar les dades del padr\u00f3 municipal sobre habitatges buits al territori.<\/p>\n\n\n\n<p>Aquesta actuaci\u00f3 que ja s\u2019ha iniciat s\u2019allargar\u00e0 fins a finals del primer quadrimestre de 2022 i es desenvolupar\u00e0 de dilluns a divendres, de 8 a 12 h del mat\u00ed.<\/p>\n\n\n\n<p><strong>Desenvolupament de la campanya<\/strong><\/p>\n\n\n\n<p>Dues persones contractades com a agents informadors, mitjan\u00e7ant el programa de plans d&#8217;ocupaci\u00f3 <em>Reactivaci\u00f3 de l\u2019ocupaci\u00f3 2021<\/em> de la Diputaci\u00f3 de Barcelona, visiten els immobles on, segons la informaci\u00f3 de la qual es disposa, hi ha habitatges buits i comproven la seva exist\u00e8ncia. <strong>\u00c9s important destacar que les agents van identificades amb una armilla i una acreditaci\u00f3 personal que certifica la seva relaci\u00f3 laboral amb l\u2019Ajuntament.<\/strong><\/p>\n\n\n\n<p>Les treballadores fan una inspecci\u00f3 externa per verificar l\u2019habitatge, encara que, de vegades, si aquesta no \u00e9s suficient, es procedeix a consultar al ve\u00efnat de l&#8217;immoble.&nbsp;<\/p>\n\n\n\n<p>La finalitat d\u2019aquesta actuaci\u00f3 \u00e9s detectar l\u2019exist\u00e8ncia d\u2019habitatge buit i aconseguir la seva mobilitzaci\u00f3 al mercat de lloguer per tal de potenciar la funci\u00f3 social dels habitatges i donar resposta a la necessitat residencial de la poblaci\u00f3.<\/p>\n","protected":false},"excerpt":{"rendered":"<p>L\u2019Ajuntament de Sant Adri\u00e0 de Bes\u00f2s ha encetat una campanya de comprovaci\u00f3 d&#8217;habitatges que t\u00e9 com a objectiu verificar les dades del padr\u00f3 municipal sobre habitatges buits al territori. Aquesta actuaci\u00f3 que ja s\u2019ha iniciat s\u2019allargar\u00e0 fins a finals del primer quadrimestre de 2022 i es desenvolupar\u00e0 de dilluns a divendres, de 8 a 12 [&hellip;]<\/p>\n","protected":false},"author":2,"featured_media":4407,"comment_status":"open","ping_status":"open","sticky":false,"template":"","format":"standard","meta":{"footnotes":""},"categories":[134,135],"tags":[],"class_list":{"0":"post-4406","1":"post","2":"type-post","3":"status-publish","4":"format-standard","5":"has-post-thumbnail","7":"category-actualitat","8":"category-societat"},"_links":{"self":[{"href":"https:\/\/www.areabesos.com\/diario\/wp-json\/wp\/v2\/posts\/4406","targetHints":{"allow":["GET"]}}],"collection":[{"href":"https:\/\/www.areabesos.com\/diario\/wp-json\/wp\/v2\/posts"}],"about":[{"href":"https:\/\/www.areabesos.com\/diario\/wp-json\/wp\/v2\/types\/post"}],"author":[{"embeddable":true,"href":"https:\/\/www.areabesos.com\/diario\/wp-json\/wp\/v2\/users\/2"}],"replies":[{"embeddable":true,"href":"https:\/\/www.areabesos.com\/diario\/wp-json\/wp\/v2\/comments?post=4406"}],"version-history":[{"count":1,"href":"https:\/\/www.areabesos.com\/diario\/wp-json\/wp\/v2\/posts\/4406\/revisions"}],"predecessor-version":[{"id":4408,"href":"https:\/\/www.areabesos.com\/diario\/wp-json\/wp\/v2\/posts\/4406\/revisions\/4408"}],"wp:featuredmedia":[{"embeddable":true,"href":"https:\/\/www.areabesos.com\/diario\/wp-json\/wp\/v2\/media\/4407"}],"wp:attachment":[{"href":"https:\/\/www.areabesos.com\/diario\/wp-json\/wp\/v2\/media?parent=4406"}],"wp:term":[{"taxonomy":"category","embeddable":true,"href":"https:\/\/www.areabesos.com\/diario\/wp-json\/wp\/v2\/categories?post=4406"},{"taxonomy":"post_tag","embeddable":true,"href":"https:\/\/www.areabesos.com\/diario\/wp-json\/wp\/v2\/tags?post=4406"}],"curies":[{"name":"wp","href":"https:\/\/api.w.org\/{rel}","templated":true}]}}