{"id":4403,"date":"2021-11-12T09:17:00","date_gmt":"2021-11-12T08:17:00","guid":{"rendered":"http:\/\/www.areabesos.com\/diario\/?p=4403"},"modified":"2021-11-12T11:18:45","modified_gmt":"2021-11-12T10:18:45","slug":"un-dia-extrano-llamado-enrique-arnaldo","status":"publish","type":"post","link":"https:\/\/www.areabesos.com\/diario\/un-dia-extrano-llamado-enrique-arnaldo\/","title":{"rendered":"Un d\u00eda extra\u00f1o llamado Enrique Arnaldo"},"content":{"rendered":"\n<p>El 11 de noviembre de 2021 quedar\u00e1 para siempre como una fecha que miles de personas recordaran con la satisfacci\u00f3n de no haber tenido que votar desde ciertos esca\u00f1os del Congreso porque, para la mayor\u00eda de quienes no participan en pol\u00edtica a tan \u201calto\u201d nivel, lo habitual no es elegir por propia y libre voluntad lo de ser y parecer tan indecentes como han decidido serlo y parecerlo m\u00e1s de 230 diputados.<\/p>\n\n\n\n<p>\u201cRoma no paga traidores\u201d y, por tanto, tras la presi\u00f3n oportunista y exitosa ejercida por Casado sobre el PSOE y UP para conseguir que ambos partidos traicionaran a sus millones votantes, los que hab\u00edan confiado en unos programas electorales que promet\u00edan perseguir la corrupci\u00f3n sin tregua, la del \u201ccampe\u00f3n\u201d PP sobre todo, solo nos queda conocer la nueva manzana envenenada que el propio Casado ofrecer\u00e1 a Pedro S\u00e1nchez para poder renovar el Consejo General del Poder Judicial.<\/p>\n\n\n\n<p>Una explicaci\u00f3n de esta votaci\u00f3n, aunque no la justificar\u00eda, consiste en que S\u00e1nchez haya elegido maquiavelismo, votando a dos jueces como Arnaldo y Espejel, tan cuestionados, con la intenci\u00f3n de poder recusarlos antes de que voten sobre la constitucionalidad de ciertas leyes. Pero eso s\u00ed, sin renunciar al impagable servicio que hasta el magistrado m\u00e1s de derechas y m\u00e1s delincuente de Espa\u00f1a estar\u00e1 dispuesto a prestar contra independentistas catalanes convocantes de refer\u00e9ndums.<\/p>\n\n\n\n<p>Si en el futuro el Gobierno consigue inutilizarle al PP, ocasionalmente, estos dos votos en el Constitucional, sentiremos la tentaci\u00f3n de pensar en justicia po\u00e9tica contra Casado. En tal caso nos equivocaremos porque, en realidad, solo ser\u00e1 un evento m\u00e1s en la evoluci\u00f3n de un parlamentarismo que se ha ido pudriendo durante las m\u00e1s de cuatro d\u00e9cadas de una monarqu\u00eda con urnas que nunca romper\u00e1 con la dictadura, pues no puede olvidar que sin el franquismo asesino no habr\u00eda recuperado la Corona.<\/p>\n\n\n\n<p>Quiz\u00e1s lo de Espa\u00f1a consista en la ilusi\u00f3n de desembocar en una democracia decente navegando siempre por las aguas turbulentas de la pol\u00edtica basura, pero, a la vista de votaciones como la de hoy, el \u201cm\u00e1s vale p\u00e1jaro en mano\u201d se ha impuesto por encima de cualquier otra consideraci\u00f3n y, para consolidar lo que se va consiguiendo, los l\u00edderes multicolores del proyecto han decidido que lo mejor es prolongar la traves\u00eda por el camino de la corrupci\u00f3n durante el mayor tiempo posible.<\/p>\n\n\n\n<p><strong>\u00daltimas horas<\/strong>: Estaba dando al bot\u00f3n de enviar este art\u00edculo cuando en la otra pantalla aparecen tres noticias muy relacionadas.<\/p>\n\n\n\n<p>En la primera, Jaume Asens, peso pesado por catal\u00e1n del grupo parlamentario de UP est\u00e1 reconociendo por primera vez las recusaciones contra Arnaldo y Espejel como estrategia del Gobierno de Coalici\u00f3n, cosa que interpreto se han callado con toda la intenci\u00f3n para que, por una parte, Casado no pudiera corregir el error mundial al incluir ese nombre, pero tambi\u00e9n porque quedar\u00eda muy cutre el Gobierno presumiendo de votar en el Congreso a dos candidatos \u201cque no gustan\u201d y proclamando al mismo tiempo que lo que pretende es &nbsp;anularlos \u201cpor la puerta de atr\u00e1s\u201d, es decir, en el d\u00eda a d\u00eda del trabajo para el que se les ha \u201ccontratado\u201d, y a raz\u00f3n de m\u00e1s de 130.000.- \u20ac a\u00f1o que salen nuestros impuestos. Sin duda es el argumento que ante los del PSOE y UP ha utilizado un S\u00e1nchez que, en realidad, lo que ha buscado, y conseguido, es poder jugar las partidas del TC, y colaterales, con dos barajas. No podemos olvidar que Pedro es el mismo que viene de cocer en el fuego lento de su propio fracaso, y durante m\u00e1s de cuatro a\u00f1os, a quien se atrevi\u00f3 a decir de \u00e9l aquello de \u201cno sirve, pero nos sirve\u201d.<\/p>\n\n\n\n<p>En la segunda noticia, y por si faltaba alguien a la fiesta de las recusaciones que no ha tardado ni 24 horas en comenzar contra Arnaldo, publica El Confidencial que Puigdemont ya est\u00e1 preparando la primera para que este juez sea apartado de todas las causas relacionadas con el Proc\u00e9s.<\/p>\n\n\n\n<p>Y la tercera es la noticia que parec\u00eda estar esperando la votaci\u00f3n del Congreso para salir a la luz. Ella sola demuestra hasta qu\u00e9 punto el PP de la derrota tras la moci\u00f3n de censura decidi\u00f3 jugarse su futuro a uno de los personajes m\u00e1s superficiales, soberbios y despreciables de los que han pasado por la pol\u00edtica en Espa\u00f1a, ya se nombrado aqu\u00ed varias veces. Titula El Diario de Ignacio Escolar que \u201c<em>Alberto P\u00e9rez de Vargas, exdirector del centro Cardenal Cisneros donde Casado se sac\u00f3 la carrera de Derecho en tiempo r\u00e9cord gracias a esos aprobados (doce asignaturas en cuatro meses) y a 18 convalidaciones, ha confirmado que el hoy l\u00edder del PP acudi\u00f3 a su despacho acompa\u00f1ado por Arnaldo y por otro catedr\u00e1tico ya fallecido<\/em>\u201d.<\/p>\n\n\n\n<p>Conclusi\u00f3n: Es probable que el \u00e9xito de Enrique Arnaldo en su carrera para desprestigiar a\u00fan m\u00e1s al Tribunal Constitucional sirva tambi\u00e9n para cavar la tumba pol\u00edtica de Pablo Casado, y qui\u00e9n sabe si tambi\u00e9n la del Partido Popular.<\/p>\n\n\n\n<p><span style=\"background-color:#010b10\" class=\"td_text_highlight_marker\">Domingo Sanz<\/span><\/p>\n","protected":false},"excerpt":{"rendered":"<p>El 11 de noviembre de 2021 quedar\u00e1 para siempre como una fecha que miles de personas recordaran con la satisfacci\u00f3n de no haber tenido que votar desde ciertos esca\u00f1os del Congreso porque, para la mayor\u00eda de quienes no participan en pol\u00edtica a tan \u201calto\u201d nivel, lo habitual no es elegir por propia y libre voluntad [&hellip;]<\/p>\n","protected":false},"author":2,"featured_media":4404,"comment_status":"open","ping_status":"open","sticky":false,"template":"","format":"standard","meta":{"footnotes":""},"categories":[139],"tags":[],"class_list":{"0":"post-4403","1":"post","2":"type-post","3":"status-publish","4":"format-standard","5":"has-post-thumbnail","7":"category-opinio"},"_links":{"self":[{"href":"https:\/\/www.areabesos.com\/diario\/wp-json\/wp\/v2\/posts\/4403","targetHints":{"allow":["GET"]}}],"collection":[{"href":"https:\/\/www.areabesos.com\/diario\/wp-json\/wp\/v2\/posts"}],"about":[{"href":"https:\/\/www.areabesos.com\/diario\/wp-json\/wp\/v2\/types\/post"}],"author":[{"embeddable":true,"href":"https:\/\/www.areabesos.com\/diario\/wp-json\/wp\/v2\/users\/2"}],"replies":[{"embeddable":true,"href":"https:\/\/www.areabesos.com\/diario\/wp-json\/wp\/v2\/comments?post=4403"}],"version-history":[{"count":1,"href":"https:\/\/www.areabesos.com\/diario\/wp-json\/wp\/v2\/posts\/4403\/revisions"}],"predecessor-version":[{"id":4405,"href":"https:\/\/www.areabesos.com\/diario\/wp-json\/wp\/v2\/posts\/4403\/revisions\/4405"}],"wp:featuredmedia":[{"embeddable":true,"href":"https:\/\/www.areabesos.com\/diario\/wp-json\/wp\/v2\/media\/4404"}],"wp:attachment":[{"href":"https:\/\/www.areabesos.com\/diario\/wp-json\/wp\/v2\/media?parent=4403"}],"wp:term":[{"taxonomy":"category","embeddable":true,"href":"https:\/\/www.areabesos.com\/diario\/wp-json\/wp\/v2\/categories?post=4403"},{"taxonomy":"post_tag","embeddable":true,"href":"https:\/\/www.areabesos.com\/diario\/wp-json\/wp\/v2\/tags?post=4403"}],"curies":[{"name":"wp","href":"https:\/\/api.w.org\/{rel}","templated":true}]}}