{"id":4397,"date":"2021-11-11T12:01:32","date_gmt":"2021-11-11T11:01:32","guid":{"rendered":"http:\/\/www.areabesos.com\/diario\/?p=4397"},"modified":"2021-11-11T12:01:33","modified_gmt":"2021-11-11T11:01:33","slug":"barnabitas-engega-una-nova-edicio-de-la-seva-campanya-cap-nen-sense-joguina","status":"publish","type":"post","link":"https:\/\/www.areabesos.com\/diario\/barnabitas-engega-una-nova-edicio-de-la-seva-campanya-cap-nen-sense-joguina\/","title":{"rendered":"Barnabitas engega una nova edici\u00f3 de la seva campanya \u00abCap nen sense joguina\u00bb"},"content":{"rendered":"\n<p>L\u2019Associaci\u00f3 Juvenil Barnabitas prepara una nova edici\u00f3 de la seva tradicional campanya \u201cCap nen sense joguines\u201d, una iniciativa en la que recullen joguines perqu\u00e8 els nens i nenes de fam\u00edlies sense recursos puguin jugar aquest Nadal i passar uns dies menys frisos. Al gener, pocs dies abans de la nit de Reis, es dur\u00e0 a terme un acte en el que els infants rebran les joguines recaptades de la m\u00e0 de Ses Majestats els Reis d&#8217;Orient.<br>Enguany, com va passar el 2020, degut a la Covid19 i per raons d\u2019higiene i atenent a les recomanacions de sanitat, les joguines donades hauran de ser noves. La seu de Barnabitas, a la Pla\u00e7a Moss\u00e8n Anton, 7, del barri de Sant Joan Baptista de Sant Adri\u00e0 de Bes\u00f2s, romandr\u00e0 oberta de dilluns a divendres, de 8 a 14 hores perqu\u00e8 tothom qui vulgui pugui participar en aquesta campanya amb alguna donaci\u00f3.<\/p>\n\n\n\n<p>La voluntat de Barnabitas \u00e9s fer d&#8217;aquest proper 2022 un punt d&#8217;inflexi\u00f3 en el desenvolupament del projecte. Per una banda, es pret\u00e9n ampliar el nombre i el perfil d\u2019infants i fam\u00edlies benefici\u00e0ries. Les circumst\u00e0ncies socioecon\u00f2miques actuals comporten que cada cop m\u00e9s fam\u00edlies del barri de Sant Joan Baptista els hi resulti dificult\u00f3s afrontar el Nadal i per tant, cada cop s\u00f3n m\u00e9s els infants que no reben cap joguina per Reis. Fins i tot, en les fam\u00edlies que participen en altres projectes de l\u2019entitat, cada cop \u00e9s m\u00e9s freq\u00fcent que es donin dificultats per cobrir les quotes de material a les escoles. Per aconseguir-ho, volen ampliar la xarxa d&#8217;entitats, serveis i comer\u00e7os per fer la major difusi\u00f3 de la campanya \u00abCap nen sense joguina\u00bb. <br><\/p>\n\n\n\n<p>L\u2019associaci\u00f3 est\u00e0 oberta de dilluns a dissabte i consta de diversos projectes: Centre Obert, Aula Oberta i Estudi Assistit, quatre equips de Futbol Sala inscrits a la Lliga del Consell Esportiu i un equip d\u2019Escola de futbol, Esplai de dissabtes, Alfabetitzaci\u00f3 en castell\u00e0 per a mares, Punt Jove i Tallers Educatius Familiars, projecte intergeneracional \u201cRenovem\u201d mitjan\u00e7ant les noves tecnologies de la comunicaci\u00f3, projecte Prosocial i servei Matern Infantil 0-3 anys i Ludoteca. A m\u00e9s, el centre participa activament i organitza activitats i festes no nom\u00e9s al barri sin\u00f3 tamb\u00e9 a la resta de la ciutat.<br><br>Com a objectius generals s\u2019intenta dotar els infants de rutines, l\u00edmits, normes i h\u00e0bits saludables, millorar les seves habilitats socials i personals, els aprenentatges b\u00e0sics i les compet\u00e8ncies vinculades a partir de les tasques escolars i millorar els aspectes d\u2019higiene, de salut i d\u2019alimentaci\u00f3 dels infants. Al final de la sessi\u00f3, es fa la valoraci\u00f3 de la tarda i s\u2019acomiada els infants.<\/p>\n\n\n\n<p>L\u2019associaci\u00f3 \u00e9s un centre inclusor i acull a infants i joves que busquen una activitat extraescolar en el marc del lleure educatiu. Aix\u00ed, a m\u00e9s dels infants derivats de serveis socials, tamb\u00e9 participen infants del programa CaixaPROINF\u00c0NCIA i\/o DGAIA.<\/p>\n","protected":false},"excerpt":{"rendered":"<p>L\u2019Associaci\u00f3 Juvenil Barnabitas prepara una nova edici\u00f3 de la seva tradicional campanya \u201cCap nen sense joguines\u201d, una iniciativa en la que recullen joguines perqu\u00e8 els nens i nenes de fam\u00edlies sense recursos puguin jugar aquest Nadal i passar uns dies menys frisos. Al gener, pocs dies abans de la nit de Reis, es dur\u00e0 a [&hellip;]<\/p>\n","protected":false},"author":1,"featured_media":4398,"comment_status":"open","ping_status":"open","sticky":false,"template":"","format":"standard","meta":{"footnotes":""},"categories":[134,135],"tags":[],"class_list":{"0":"post-4397","1":"post","2":"type-post","3":"status-publish","4":"format-standard","5":"has-post-thumbnail","7":"category-actualitat","8":"category-societat"},"_links":{"self":[{"href":"https:\/\/www.areabesos.com\/diario\/wp-json\/wp\/v2\/posts\/4397","targetHints":{"allow":["GET"]}}],"collection":[{"href":"https:\/\/www.areabesos.com\/diario\/wp-json\/wp\/v2\/posts"}],"about":[{"href":"https:\/\/www.areabesos.com\/diario\/wp-json\/wp\/v2\/types\/post"}],"author":[{"embeddable":true,"href":"https:\/\/www.areabesos.com\/diario\/wp-json\/wp\/v2\/users\/1"}],"replies":[{"embeddable":true,"href":"https:\/\/www.areabesos.com\/diario\/wp-json\/wp\/v2\/comments?post=4397"}],"version-history":[{"count":1,"href":"https:\/\/www.areabesos.com\/diario\/wp-json\/wp\/v2\/posts\/4397\/revisions"}],"predecessor-version":[{"id":4399,"href":"https:\/\/www.areabesos.com\/diario\/wp-json\/wp\/v2\/posts\/4397\/revisions\/4399"}],"wp:featuredmedia":[{"embeddable":true,"href":"https:\/\/www.areabesos.com\/diario\/wp-json\/wp\/v2\/media\/4398"}],"wp:attachment":[{"href":"https:\/\/www.areabesos.com\/diario\/wp-json\/wp\/v2\/media?parent=4397"}],"wp:term":[{"taxonomy":"category","embeddable":true,"href":"https:\/\/www.areabesos.com\/diario\/wp-json\/wp\/v2\/categories?post=4397"},{"taxonomy":"post_tag","embeddable":true,"href":"https:\/\/www.areabesos.com\/diario\/wp-json\/wp\/v2\/tags?post=4397"}],"curies":[{"name":"wp","href":"https:\/\/api.w.org\/{rel}","templated":true}]}}