{"id":4394,"date":"2021-11-10T13:32:52","date_gmt":"2021-11-10T12:32:52","guid":{"rendered":"http:\/\/www.areabesos.com\/diario\/?p=4394"},"modified":"2021-11-10T13:32:53","modified_gmt":"2021-11-10T12:32:53","slug":"irene-aldabert-sant-adria-en-comu-reivindica-una-auditoria-de-la-seguretat-social-a-la-concentracio-de-la-marea-pensionista","status":"publish","type":"post","link":"https:\/\/www.areabesos.com\/diario\/irene-aldabert-sant-adria-en-comu-reivindica-una-auditoria-de-la-seguretat-social-a-la-concentracio-de-la-marea-pensionista\/","title":{"rendered":"Irene Aldabert (Sant Adri\u00e0 en Com\u00fa) reivindica una auditoria de la Seguretat Social a la concentraci\u00f3 de la Marea Pensionista"},"content":{"rendered":"\n<p>Irene&nbsp;Aldabert, regidora de Sant Adri\u00e0 en Com\u00fa, ha reivindicat una auditoria p\u00fablica dels comptes de la Seguretat Social durant la concentraci\u00f3 de la Marea Pensionista a la&nbsp;Pla\u00e7a&nbsp;de la Vila de Sant Adri\u00e0.<\/p>\n\n\n\n<p>Des de Sant Adri\u00e0 en Com\u00fa reclamen que aquesta auditoria \u00e9s de vital import\u00e0ncia perqu\u00e8 la ciutadania tingui una clara imatge sobre la situaci\u00f3 de la Seguretat Social. En aquest sentit, diuen, cal que aquest estudi aclareixi com i en quines quantitats les cotitzacions socials a la Seguretat Social han sustentat altres pol\u00edtiques que poc tenen a veure amb les pensions.<\/p>\n\n\n\n<p>En el passat ple de l&#8217;Ajuntament del mes d&#8217;octubre, el grup municipal de Sant Adri\u00e0 en Com\u00fa va presentar conjuntament amb M\u00e9s i ERC una moci\u00f3 en suport de la realitzaci\u00f3 d&#8217;una auditoria p\u00fablica dels comptes de la Seguretat Social amb el suport de Marea Pensionistes i de\u00a0COESPE. La moci\u00f3 va ser defensada per la mateixa regidora de Sant Adri\u00e0 en Com\u00fa, i va explicar que \u00abel nostre Sistema P\u00fablic de Pensions, ha estat i \u00e9s autosuficient per cobrir les pensions contributives desmentint l&#8217;exist\u00e8ncia d&#8217;un fals d\u00e8ficit de la Seguretat Social\u00bb.<\/p>\n\n\n\n<p><\/p>\n","protected":false},"excerpt":{"rendered":"<p>Irene&nbsp;Aldabert, regidora de Sant Adri\u00e0 en Com\u00fa, ha reivindicat una auditoria p\u00fablica dels comptes de la Seguretat Social durant la concentraci\u00f3 de la Marea Pensionista a la&nbsp;Pla\u00e7a&nbsp;de la Vila de Sant Adri\u00e0. Des de Sant Adri\u00e0 en Com\u00fa reclamen que aquesta auditoria \u00e9s de vital import\u00e0ncia perqu\u00e8 la ciutadania tingui una clara imatge sobre la [&hellip;]<\/p>\n","protected":false},"author":2,"featured_media":4395,"comment_status":"open","ping_status":"open","sticky":false,"template":"","format":"standard","meta":{"footnotes":""},"categories":[134,135],"tags":[],"class_list":{"0":"post-4394","1":"post","2":"type-post","3":"status-publish","4":"format-standard","5":"has-post-thumbnail","7":"category-actualitat","8":"category-societat"},"_links":{"self":[{"href":"https:\/\/www.areabesos.com\/diario\/wp-json\/wp\/v2\/posts\/4394","targetHints":{"allow":["GET"]}}],"collection":[{"href":"https:\/\/www.areabesos.com\/diario\/wp-json\/wp\/v2\/posts"}],"about":[{"href":"https:\/\/www.areabesos.com\/diario\/wp-json\/wp\/v2\/types\/post"}],"author":[{"embeddable":true,"href":"https:\/\/www.areabesos.com\/diario\/wp-json\/wp\/v2\/users\/2"}],"replies":[{"embeddable":true,"href":"https:\/\/www.areabesos.com\/diario\/wp-json\/wp\/v2\/comments?post=4394"}],"version-history":[{"count":1,"href":"https:\/\/www.areabesos.com\/diario\/wp-json\/wp\/v2\/posts\/4394\/revisions"}],"predecessor-version":[{"id":4396,"href":"https:\/\/www.areabesos.com\/diario\/wp-json\/wp\/v2\/posts\/4394\/revisions\/4396"}],"wp:featuredmedia":[{"embeddable":true,"href":"https:\/\/www.areabesos.com\/diario\/wp-json\/wp\/v2\/media\/4395"}],"wp:attachment":[{"href":"https:\/\/www.areabesos.com\/diario\/wp-json\/wp\/v2\/media?parent=4394"}],"wp:term":[{"taxonomy":"category","embeddable":true,"href":"https:\/\/www.areabesos.com\/diario\/wp-json\/wp\/v2\/categories?post=4394"},{"taxonomy":"post_tag","embeddable":true,"href":"https:\/\/www.areabesos.com\/diario\/wp-json\/wp\/v2\/tags?post=4394"}],"curies":[{"name":"wp","href":"https:\/\/api.w.org\/{rel}","templated":true}]}}