{"id":4387,"date":"2021-11-10T12:58:19","date_gmt":"2021-11-10T11:58:19","guid":{"rendered":"http:\/\/www.areabesos.com\/diario\/?p=4387"},"modified":"2021-11-10T13:05:05","modified_gmt":"2021-11-10T12:05:05","slug":"reunio-de-diputats","status":"publish","type":"post","link":"https:\/\/www.areabesos.com\/diario\/reunio-de-diputats\/","title":{"rendered":"Reuni\u00f3 de diputats"},"content":{"rendered":"\n<p>Cada vegada que es reuneixen en el Congr\u00e9s dels Diputats i ens expliquen les seves opinions,\u00a0no sabem a qui creure,\u00a0la majoria dels ciutadans no ens hem assabentat del que pretenen dir-nos. Hem\u00a0escoltat a Pedro S\u00e1nchez,\u00a0Pablo\u00a0Casado, Pablo\u00a0Echenique,\u00a0Gabriel Rufi\u00e1n,\u00a0M\u00edriam\u00a0Nogueras, Ferran\u00a0Bel, I\u00f1igo\u00a0Errejon, Nestor\u00a0Rego, Ines\u00a0Arriades<br>S&#8217;ha parlat de tot,\u00a0de massa coses,\u00a0de\u00a0m\u00e9s\u00a0de 200 temes,\u00a0al final sembla que tots tinguin la seva ra\u00f3,\u00a0al final\u00a0m\u00e9s\u00a0que una informaci\u00f3 han transm\u00e8s una desinformaci\u00f3,\u00a0creant alarmes i dubtes i perqu\u00e8 no,\u00a0mentides. \u00c9s\u00a0igual qui governi aix\u00f2 ocorre des que Espanya entra en\u00a0democr\u00e0cia. Pot\u00a0ser que es reuneixin cada setmana o cada mes,\u00a0la qual cosa\u00a0est\u00e0\u00a0clar \u00e9s que cap partit pol\u00edtic\u00a0,acab\u00e9s amb l&#8217;atur i la fam i la contaminaci\u00f3,\u00a0mes\u00a0b\u00e9 amenacen amb tot el contrari,\u00a0amb apagades\u00a0mundials .\u00c9s\u00a0una vergonya que h\u00e0gim de mantenir a tota aquesta tropa pol\u00edtica que no serveix per a res. Com deia la meva \u00e0via (cada gos es llepa el seu \u00abmembre\u00bb). En\u00a0resum tots estan en desacord,\u00a0en la immigraci\u00f3, just\u00edcia,energies,\u00a0pensions, increment\u00a0de la despesa publica\u00a0,sobirania d&#8217;Espanya,\u00a0repartiment de riquesa,\u00a0reforma laboral,\u00a0contaminaci\u00f3, salut, atur, autonomies,xarxa ferrovi\u00e0ries, peatges\u00a0, augments\u00a0d&#8217;impostos,\u00a0fons europeus, i\u00a0un, etc\u00a0de\u00a0q\u00fcestions. El\u00a0problema \u00e9s, que\u00a0dins de molts,\u00a0molt\u00edssims anys estarem parlant del mateix.<\/p>\n\n\n\n<p><span style=\"background-color:#000b10\" class=\"td_text_highlight_marker\">Josep Meg\u00edas<\/span><\/p>\n","protected":false},"excerpt":{"rendered":"<p>Cada vegada que es reuneixen en el Congr\u00e9s dels Diputats i ens expliquen les seves opinions,\u00a0no sabem a qui creure,\u00a0la majoria dels ciutadans no ens hem assabentat del que pretenen dir-nos. Hem\u00a0escoltat a Pedro S\u00e1nchez,\u00a0Pablo\u00a0Casado, Pablo\u00a0Echenique,\u00a0Gabriel Rufi\u00e1n,\u00a0M\u00edriam\u00a0Nogueras, Ferran\u00a0Bel, I\u00f1igo\u00a0Errejon, Nestor\u00a0Rego, Ines\u00a0ArriadesS&#8217;ha parlat de tot,\u00a0de massa coses,\u00a0de\u00a0m\u00e9s\u00a0de 200 temes,\u00a0al final sembla que tots tinguin la seva [&hellip;]<\/p>\n","protected":false},"author":2,"featured_media":4388,"comment_status":"open","ping_status":"open","sticky":false,"template":"","format":"standard","meta":{"footnotes":""},"categories":[139],"tags":[],"class_list":{"0":"post-4387","1":"post","2":"type-post","3":"status-publish","4":"format-standard","5":"has-post-thumbnail","7":"category-opinio"},"_links":{"self":[{"href":"https:\/\/www.areabesos.com\/diario\/wp-json\/wp\/v2\/posts\/4387","targetHints":{"allow":["GET"]}}],"collection":[{"href":"https:\/\/www.areabesos.com\/diario\/wp-json\/wp\/v2\/posts"}],"about":[{"href":"https:\/\/www.areabesos.com\/diario\/wp-json\/wp\/v2\/types\/post"}],"author":[{"embeddable":true,"href":"https:\/\/www.areabesos.com\/diario\/wp-json\/wp\/v2\/users\/2"}],"replies":[{"embeddable":true,"href":"https:\/\/www.areabesos.com\/diario\/wp-json\/wp\/v2\/comments?post=4387"}],"version-history":[{"count":2,"href":"https:\/\/www.areabesos.com\/diario\/wp-json\/wp\/v2\/posts\/4387\/revisions"}],"predecessor-version":[{"id":4393,"href":"https:\/\/www.areabesos.com\/diario\/wp-json\/wp\/v2\/posts\/4387\/revisions\/4393"}],"wp:featuredmedia":[{"embeddable":true,"href":"https:\/\/www.areabesos.com\/diario\/wp-json\/wp\/v2\/media\/4388"}],"wp:attachment":[{"href":"https:\/\/www.areabesos.com\/diario\/wp-json\/wp\/v2\/media?parent=4387"}],"wp:term":[{"taxonomy":"category","embeddable":true,"href":"https:\/\/www.areabesos.com\/diario\/wp-json\/wp\/v2\/categories?post=4387"},{"taxonomy":"post_tag","embeddable":true,"href":"https:\/\/www.areabesos.com\/diario\/wp-json\/wp\/v2\/tags?post=4387"}],"curies":[{"name":"wp","href":"https:\/\/api.w.org\/{rel}","templated":true}]}}