{"id":4381,"date":"2021-11-09T12:13:41","date_gmt":"2021-11-09T11:13:41","guid":{"rendered":"http:\/\/www.areabesos.com\/diario\/?p=4381"},"modified":"2021-11-09T12:13:42","modified_gmt":"2021-11-09T11:13:42","slug":"pla-especial-per-millorar-lespai-public-de-la-ciutat","status":"publish","type":"post","link":"https:\/\/www.areabesos.com\/diario\/pla-especial-per-millorar-lespai-public-de-la-ciutat\/","title":{"rendered":"Pla especial per millorar l\u2019espai p\u00fablic de la ciutat"},"content":{"rendered":"\n<p>L\u2019Ajuntament de Sant Adri\u00e0 ha endegat un pla especial d\u2019actuaci\u00f3 als carrers de la ciutat. <strong>L\u2019objectiu<\/strong> \u00e9s intensificar la neteja i el manteniment de carrers, places i parcs del nostre municipi i d\u2019aquesta manera millorar l\u2019estat d\u2019un espai que \u00e9s de tots els ciutadans i ciutadanes. L\u2019alcaldessa, Filo Ca\u00f1ete, ja va anunciar la posada en marxa del pla en la Carta a la ciutadania de la revista municipal Viure Sant Adri\u00e0, el passat mes de setembre, on&nbsp; assenyalava que&nbsp; \u00abhem de donar a la ciutat una llum i un color nous per tal de sentir-nos-hi a gust\u00bb.<\/p>\n\n\n\n<p><strong>Actuacions<\/strong><\/p>\n\n\n\n<p><strong>Les actuacions que inclou<\/strong> el pla segons necessitats s\u00f3n les seg\u00fcents:<\/p>\n\n\n\n<p>-Neteja a fons de carrers amb aigua calenta a pressi\u00f3 i desgreixant<\/p>\n\n\n\n<p>-Revisi\u00f3 i neteja dels embornals i col\u00b7lectors<\/p>\n\n\n\n<p>-Tractament especial de fanals, cantonades i caixes de llum<\/p>\n\n\n\n<p>-Eliminaci\u00f3 de grafits i publicitat de paper a les fa\u00e7anes<\/p>\n\n\n\n<p>-Revisi\u00f3 i reparaci\u00f3 del paviment<\/p>\n\n\n\n<p>-Revisi\u00f3 de l&#8217;accessibilitat del carrer-Micropodes<\/p>\n\n\n\n<p>-Reparaci\u00f3 del mobiliari urb\u00e0: bancs, papereres, pilones i elements fixos de la via p\u00fablica<\/p>\n\n\n\n<p>-Control de plagues espec\u00edfic per a cada carrer<\/p>\n\n\n\n<p>-Escombrat mec\u00e0nic i baldejat final.<\/p>\n\n\n\n<p>-Manteniment de la pintura vi\u00e0ria<\/p>\n\n\n\n<p>Els carrers amb vehicles estacionats i terrasses de bars i restaurants se senyalitzaran abans de actuaci\u00f3, ja que el dia de la intervenci\u00f3 no estar\u00e0 perm\u00e8s ni l\u2019aparcament ni la instal\u00b7laci\u00f3 de les terrasses per tal de poder dur a terme els treballs.<\/p>\n\n\n\n<p>Aquest \u00e9s un <strong>pla integral i transversal,<\/strong> que implica coordinar a diversos departaments municipals i empreses que treballen els diferents \u00e0mbits de la via p\u00fablica (espais verds i mediambient, neteja vi\u00e0ria, clavegueram, enllumenat, pavimentaci\u00f3, mobiliari urb\u00e0, arranjaments, etc).<\/p>\n\n\n\n<p>El pla es compatibilitzar\u00e0 amb els serveis municipals ordinaris de neteja\u00a0 i manteniments de via p\u00fablica que continuaran funcionant amb normalitat.<\/p>\n\n\n\n<figure class=\"wp-block-gallery columns-2 is-cropped wp-block-gallery-1 is-layout-flex wp-block-gallery-is-layout-flex\"><ul class=\"blocks-gallery-grid\"><li class=\"blocks-gallery-item\"><figure><a href=\"https:\/\/www.areabesos.com\/diario\/wp-content\/uploads\/2021\/11\/Carrers-1-1024x484.jpg\"><img loading=\"lazy\" decoding=\"async\" width=\"1024\" height=\"484\" src=\"https:\/\/www.areabesos.com\/diario\/wp-content\/uploads\/2021\/11\/Carrers-1-1024x484.jpg\" alt=\"\" data-id=\"4382\" data-link=\"https:\/\/www.areabesos.com\/diario\/?attachment_id=4382\" class=\"wp-image-4382\" srcset=\"https:\/\/www.areabesos.com\/diario\/wp-content\/uploads\/2021\/11\/Carrers-1-1024x484.jpg 1024w, https:\/\/www.areabesos.com\/diario\/wp-content\/uploads\/2021\/11\/Carrers-1-300x142.jpg 300w, https:\/\/www.areabesos.com\/diario\/wp-content\/uploads\/2021\/11\/Carrers-1-768x363.jpg 768w, https:\/\/www.areabesos.com\/diario\/wp-content\/uploads\/2021\/11\/Carrers-1-150x71.jpg 150w, https:\/\/www.areabesos.com\/diario\/wp-content\/uploads\/2021\/11\/Carrers-1-696x329.jpg 696w, https:\/\/www.areabesos.com\/diario\/wp-content\/uploads\/2021\/11\/Carrers-1-1068x505.jpg 1068w, https:\/\/www.areabesos.com\/diario\/wp-content\/uploads\/2021\/11\/Carrers-1.jpg 1200w\" sizes=\"auto, (max-width: 1024px) 100vw, 1024px\" \/><\/a><\/figure><\/li><li class=\"blocks-gallery-item\"><figure><a href=\"https:\/\/www.areabesos.com\/diario\/wp-content\/uploads\/2021\/11\/carrers3.jpg\"><img loading=\"lazy\" decoding=\"async\" width=\"1024\" height=\"768\" src=\"https:\/\/www.areabesos.com\/diario\/wp-content\/uploads\/2021\/11\/carrers3-1024x768.jpg\" alt=\"\" data-id=\"4384\" data-full-url=\"https:\/\/www.areabesos.com\/diario\/wp-content\/uploads\/2021\/11\/carrers3.jpg\" data-link=\"https:\/\/www.areabesos.com\/diario\/?attachment_id=4384\" class=\"wp-image-4384\" srcset=\"https:\/\/www.areabesos.com\/diario\/wp-content\/uploads\/2021\/11\/carrers3-1024x768.jpg 1024w, https:\/\/www.areabesos.com\/diario\/wp-content\/uploads\/2021\/11\/carrers3-300x225.jpg 300w, https:\/\/www.areabesos.com\/diario\/wp-content\/uploads\/2021\/11\/carrers3-768x576.jpg 768w, https:\/\/www.areabesos.com\/diario\/wp-content\/uploads\/2021\/11\/carrers3-150x113.jpg 150w, https:\/\/www.areabesos.com\/diario\/wp-content\/uploads\/2021\/11\/carrers3-696x522.jpg 696w, https:\/\/www.areabesos.com\/diario\/wp-content\/uploads\/2021\/11\/carrers3-1068x801.jpg 1068w, https:\/\/www.areabesos.com\/diario\/wp-content\/uploads\/2021\/11\/carrers3.jpg 1200w\" sizes=\"auto, (max-width: 1024px) 100vw, 1024px\" \/><\/a><\/figure><\/li><\/ul><\/figure>\n\n\n\n<p><strong>Desenvolupament del pla<\/strong><\/p>\n\n\n\n<p>El consistori va finalitzar la setmana passada una prova pilot a tres carrers de la ciutat, per analitzar la coordinaci\u00f3, mesurar els rendiments, preveure incompatibilitats i el funcionament dels<\/p>\n\n\n\n<p>serveis, i la valoraci\u00f3 ha estat molt positiva. La primera actuaci\u00f3 va ser el 20 d\u2019octubre al carrer Blume; la segona, el 27 d\u2019octubre al carrer de l\u2019Esgl\u00e9sia, tots dos carrers al barri de Sant Adri\u00e0 Nord; i la tercera actuaci\u00f3, es va fer el 4 de novembre, a l\u2019avinguda de Catalunya (vorera costat riu, tram entre l\u2019autopista i el carrer de Sant Pere), al barri de Sant Joan Baptista.<\/p>\n\n\n\n<p>El desenvolupament es far\u00e0 per barris i es tractar\u00e0 de combinar accions en dos barris alhora (s\u2019actuar\u00e0 en dos carrers en dos barris diferents de la ciutat d\u2019acord amb les oportunitats i recursos). Les actuacions es duran a terme els dimecres, amb la possibilitat d\u2019ampliar-les a dijous, <strong>d\u2019acord amb criteris t\u00e8cnics de necessitat, <\/strong>&nbsp;i s\u2019aniran executant progressivament en tots els carrers del municipi. La previsi\u00f3 \u00e9s que en 6 mesos, aproximadament, el pla s\u2019haur\u00e0 desplegat en tots els carrers de la ciutat.<\/p>\n\n\n\n<p>Aquest pla especial d\u2019actuaci\u00f3 ser\u00e0 c\u00edclic i se sumar\u00e0 a les actuacions de manteniment, seguiment i millora de la via p\u00fablica que l\u2019Ajuntament porta a terme de manera habitual.<\/p>\n","protected":false},"excerpt":{"rendered":"<p>L\u2019Ajuntament de Sant Adri\u00e0 ha endegat un pla especial d\u2019actuaci\u00f3 als carrers de la ciutat. L\u2019objectiu \u00e9s intensificar la neteja i el manteniment de carrers, places i parcs del nostre municipi i d\u2019aquesta manera millorar l\u2019estat d\u2019un espai que \u00e9s de tots els ciutadans i ciutadanes. L\u2019alcaldessa, Filo Ca\u00f1ete, ja va anunciar la posada en [&hellip;]<\/p>\n","protected":false},"author":2,"featured_media":4383,"comment_status":"open","ping_status":"open","sticky":false,"template":"","format":"standard","meta":{"footnotes":""},"categories":[134,135],"tags":[],"class_list":{"0":"post-4381","1":"post","2":"type-post","3":"status-publish","4":"format-standard","5":"has-post-thumbnail","7":"category-actualitat","8":"category-societat"},"_links":{"self":[{"href":"https:\/\/www.areabesos.com\/diario\/wp-json\/wp\/v2\/posts\/4381","targetHints":{"allow":["GET"]}}],"collection":[{"href":"https:\/\/www.areabesos.com\/diario\/wp-json\/wp\/v2\/posts"}],"about":[{"href":"https:\/\/www.areabesos.com\/diario\/wp-json\/wp\/v2\/types\/post"}],"author":[{"embeddable":true,"href":"https:\/\/www.areabesos.com\/diario\/wp-json\/wp\/v2\/users\/2"}],"replies":[{"embeddable":true,"href":"https:\/\/www.areabesos.com\/diario\/wp-json\/wp\/v2\/comments?post=4381"}],"version-history":[{"count":1,"href":"https:\/\/www.areabesos.com\/diario\/wp-json\/wp\/v2\/posts\/4381\/revisions"}],"predecessor-version":[{"id":4385,"href":"https:\/\/www.areabesos.com\/diario\/wp-json\/wp\/v2\/posts\/4381\/revisions\/4385"}],"wp:featuredmedia":[{"embeddable":true,"href":"https:\/\/www.areabesos.com\/diario\/wp-json\/wp\/v2\/media\/4383"}],"wp:attachment":[{"href":"https:\/\/www.areabesos.com\/diario\/wp-json\/wp\/v2\/media?parent=4381"}],"wp:term":[{"taxonomy":"category","embeddable":true,"href":"https:\/\/www.areabesos.com\/diario\/wp-json\/wp\/v2\/categories?post=4381"},{"taxonomy":"post_tag","embeddable":true,"href":"https:\/\/www.areabesos.com\/diario\/wp-json\/wp\/v2\/tags?post=4381"}],"curies":[{"name":"wp","href":"https:\/\/api.w.org\/{rel}","templated":true}]}}