{"id":4376,"date":"2021-11-09T12:01:40","date_gmt":"2021-11-09T11:01:40","guid":{"rendered":"http:\/\/www.areabesos.com\/diario\/?p=4376"},"modified":"2021-11-09T12:01:41","modified_gmt":"2021-11-09T11:01:41","slug":"una-exposicion-de-otros-tiempos-en-lagrupacio-fotografica","status":"publish","type":"post","link":"https:\/\/www.areabesos.com\/diario\/una-exposicion-de-otros-tiempos-en-lagrupacio-fotografica\/","title":{"rendered":"Una exposici\u00f3n de otros tiempos en l&#8217;Agrupaci\u00f3 Fotogr\u00e0fica"},"content":{"rendered":"\n<p>La Agrupaci\u00f3 Fotogr\u00e0fica Sant Adri\u00e0 inaugura este pr\u00f3ximo jueves, 11 de noviembre, la exposici\u00f3n de Diego Pedra Benzal \u00abMuseos (\u00abDe otros tiempos\u00bb), una muestra con la que el fot\u00f3grafo intenta dar nueva vida a retratos familiares. La idea es incorporar las fotograf\u00edas antiguas en contextos actuales como museos, como en este caso, ruinas, paisajes, etc. \u00abLa intenci\u00f3n es darles a esos retratos olvidados una nueva imagen y una nueva forma de recordarlos\u00bb, comenta Pedra, ganador en diversas ocasiones del Premi d&#8217;Honor del Sal\u00f3 de Fotografia Petxina d&#8217;Argent de tema libre y el Premi \u00abJoan Guillem\u00ed\u00bb Sant Adri\u00e0 Fotogr\u00e0fic.<\/p>\n\n\n\n<p>La exposici\u00f3n se inaugura este pr\u00f3ximo jueves a las 19.30 horas, y podr\u00e1 visitarse, de lunes a jueves de 18.30 a 20.30 horas hasta el 2 de diciembre. <\/p>\n\n\n\n<figure class=\"wp-block-gallery columns-2 is-cropped wp-block-gallery-1 is-layout-flex wp-block-gallery-is-layout-flex\"><ul class=\"blocks-gallery-grid\"><li class=\"blocks-gallery-item\"><figure><a href=\"https:\/\/www.areabesos.com\/diario\/wp-content\/uploads\/2021\/11\/Museos1.jpg\"><img loading=\"lazy\" decoding=\"async\" width=\"800\" height=\"567\" src=\"https:\/\/www.areabesos.com\/diario\/wp-content\/uploads\/2021\/11\/Museos1.jpg\" alt=\"\" data-id=\"4377\" data-link=\"https:\/\/www.areabesos.com\/diario\/?attachment_id=4377\" class=\"wp-image-4377\" srcset=\"https:\/\/www.areabesos.com\/diario\/wp-content\/uploads\/2021\/11\/Museos1.jpg 800w, https:\/\/www.areabesos.com\/diario\/wp-content\/uploads\/2021\/11\/Museos1-300x213.jpg 300w, https:\/\/www.areabesos.com\/diario\/wp-content\/uploads\/2021\/11\/Museos1-768x544.jpg 768w, https:\/\/www.areabesos.com\/diario\/wp-content\/uploads\/2021\/11\/Museos1-150x106.jpg 150w, https:\/\/www.areabesos.com\/diario\/wp-content\/uploads\/2021\/11\/Museos1-696x493.jpg 696w\" sizes=\"auto, (max-width: 800px) 100vw, 800px\" \/><\/a><\/figure><\/li><li class=\"blocks-gallery-item\"><figure><a href=\"https:\/\/www.areabesos.com\/diario\/wp-content\/uploads\/2021\/11\/Museos2.jpg\"><img loading=\"lazy\" decoding=\"async\" width=\"800\" height=\"567\" src=\"https:\/\/www.areabesos.com\/diario\/wp-content\/uploads\/2021\/11\/Museos2.jpg\" alt=\"\" data-id=\"4378\" data-full-url=\"https:\/\/www.areabesos.com\/diario\/wp-content\/uploads\/2021\/11\/Museos2.jpg\" data-link=\"https:\/\/www.areabesos.com\/diario\/?attachment_id=4378\" class=\"wp-image-4378\" srcset=\"https:\/\/www.areabesos.com\/diario\/wp-content\/uploads\/2021\/11\/Museos2.jpg 800w, https:\/\/www.areabesos.com\/diario\/wp-content\/uploads\/2021\/11\/Museos2-300x213.jpg 300w, https:\/\/www.areabesos.com\/diario\/wp-content\/uploads\/2021\/11\/Museos2-768x544.jpg 768w, https:\/\/www.areabesos.com\/diario\/wp-content\/uploads\/2021\/11\/Museos2-150x106.jpg 150w, https:\/\/www.areabesos.com\/diario\/wp-content\/uploads\/2021\/11\/Museos2-696x493.jpg 696w\" sizes=\"auto, (max-width: 800px) 100vw, 800px\" \/><\/a><\/figure><\/li><\/ul><\/figure>\n","protected":false},"excerpt":{"rendered":"<p>La Agrupaci\u00f3 Fotogr\u00e0fica Sant Adri\u00e0 inaugura este pr\u00f3ximo jueves, 11 de noviembre, la exposici\u00f3n de Diego Pedra Benzal \u00abMuseos (\u00abDe otros tiempos\u00bb), una muestra con la que el fot\u00f3grafo intenta dar nueva vida a retratos familiares. La idea es incorporar las fotograf\u00edas antiguas en contextos actuales como museos, como en este caso, ruinas, paisajes, etc. [&hellip;]<\/p>\n","protected":false},"author":1,"featured_media":4379,"comment_status":"open","ping_status":"open","sticky":false,"template":"","format":"standard","meta":{"footnotes":""},"categories":[136,135],"tags":[],"class_list":{"0":"post-4376","1":"post","2":"type-post","3":"status-publish","4":"format-standard","5":"has-post-thumbnail","7":"category-cultura","8":"category-societat"},"_links":{"self":[{"href":"https:\/\/www.areabesos.com\/diario\/wp-json\/wp\/v2\/posts\/4376","targetHints":{"allow":["GET"]}}],"collection":[{"href":"https:\/\/www.areabesos.com\/diario\/wp-json\/wp\/v2\/posts"}],"about":[{"href":"https:\/\/www.areabesos.com\/diario\/wp-json\/wp\/v2\/types\/post"}],"author":[{"embeddable":true,"href":"https:\/\/www.areabesos.com\/diario\/wp-json\/wp\/v2\/users\/1"}],"replies":[{"embeddable":true,"href":"https:\/\/www.areabesos.com\/diario\/wp-json\/wp\/v2\/comments?post=4376"}],"version-history":[{"count":1,"href":"https:\/\/www.areabesos.com\/diario\/wp-json\/wp\/v2\/posts\/4376\/revisions"}],"predecessor-version":[{"id":4380,"href":"https:\/\/www.areabesos.com\/diario\/wp-json\/wp\/v2\/posts\/4376\/revisions\/4380"}],"wp:featuredmedia":[{"embeddable":true,"href":"https:\/\/www.areabesos.com\/diario\/wp-json\/wp\/v2\/media\/4379"}],"wp:attachment":[{"href":"https:\/\/www.areabesos.com\/diario\/wp-json\/wp\/v2\/media?parent=4376"}],"wp:term":[{"taxonomy":"category","embeddable":true,"href":"https:\/\/www.areabesos.com\/diario\/wp-json\/wp\/v2\/categories?post=4376"},{"taxonomy":"post_tag","embeddable":true,"href":"https:\/\/www.areabesos.com\/diario\/wp-json\/wp\/v2\/tags?post=4376"}],"curies":[{"name":"wp","href":"https:\/\/api.w.org\/{rel}","templated":true}]}}