{"id":4374,"date":"2021-11-07T12:32:00","date_gmt":"2021-11-07T11:32:00","guid":{"rendered":"http:\/\/www.areabesos.com\/diario\/?p=4374"},"modified":"2021-11-08T13:52:38","modified_gmt":"2021-11-08T12:52:38","slug":"arnaldo-mas-espejel-o-casado-a-la-desesperada-contra-un-sanchez-atrapado","status":"publish","type":"post","link":"https:\/\/www.areabesos.com\/diario\/arnaldo-mas-espejel-o-casado-a-la-desesperada-contra-un-sanchez-atrapado\/","title":{"rendered":"Arnaldo m\u00e1s Espejel o Casado a la desesperada contra un S\u00e1nchez atrapado"},"content":{"rendered":"\n<p>\u201cVaya papel\u00f3n el del PSOE y UP votando al juez Arnaldo\u201d escuch\u00e9 que dec\u00eda el de La SER a las 07:45 horas de ayer, 5 de noviembre. Se hac\u00eda eco de la exclusiva de \u201cEl Confidencial\u201d sobre detalles \u201cdesconocidos\u201d del citado juez, que es el candidato del PP para cubrir, junto con Espejel, dos de las cuatro vacantes pendientes de renovaci\u00f3n en el Tribunal Constitucional.<\/p>\n\n\n\n<p>Resulta que el tal Arnaldo incumpli\u00f3 la ley durante a\u00f1os al estar percibiendo, al mismo tiempo, ingresos incompatibles de una universidad p\u00fablica y otra privada, algo que, sorprendentemente, nadie descubri\u00f3 antes. O de una de las dos lo cobraba todo en negro, o usaba varios n\u00fameros de DNI, o desde Hacienda hac\u00edan la vista gorda, pues a los de abajo nos pillan siempre. Apuesto por la tercera versi\u00f3n.<\/p>\n\n\n\n<p>Pero lo que s\u00ed se sab\u00eda del juez Arnaldo es que, entre otros m\u00e9ritos, hab\u00eda sido investigado en uno de los casos de corrupci\u00f3n del ex ministro del PP Jaume Matas. A la vista de las grabaciones desveladas entre un juez y un pol\u00edtico que ha sido juzgado diez veces por diferentes corrupciones, para entender que Arnaldo se librara de juicio y condena apuesto en este caso por la versi\u00f3n del corporativismo que funciona como un reloj a la hora de aplicar el \u201choy por ti y ma\u00f1ana por m\u00ed\u201d que rige entre los profesionales que se mueven por los tribunales, con la sola excepci\u00f3n de aquellos que, por el motivo que sea, han molestado por encima de sus posibilidades, l\u00e9anse Garz\u00f3n, Silva o Presencia entre otros. Mientras tanto, siguen condenando con total libertad los jueces espa\u00f1oles cuyas sentencias son anuladas por quien \u00fanicamente puede hacerlo, el Tribunal Europeo de Derechos Humanos (1).<\/p>\n\n\n\n<p>Ahora abrir\u00e9 par\u00e9ntesis para no pasar por alto que, tambi\u00e9n ayer, \u201cEl Espa\u00f1ol\u201d de Pedro J se hac\u00eda eco de una ley que ERC y EH Bildu van a proponer al Gobierno del PSOE+UP. Pretenden con ella que se sancione a los jueces cuyas sentencias sean anuladas en Europa por el TEDH pero, si yo tuviera algo en la caja fuerte, me lo apostar\u00eda todo a que esa reforma legal, que tiene asegurada mayor\u00eda en el Congreso si S\u00e1nchez quiere, no se aprobar\u00e1 antes de que se proclame la III Rep\u00fablica, salvo que se escriba sobre el mismo papel mojado que se emplea para algunas de las leyes que se aprueban. Tal es el miedo que tienen a jueces como Marchena los pol\u00edticos espa\u00f1oles avalados por millones de votos tergiversados, pues salieron de las urnas m\u00e1s corruptas de la UE y desde la primera hasta la \u00faltima, que tampoco dejaremos hoy de hacernos eco, tal es la catarata diaria de noticias que nos cuentan ahora la parte que desconocemos de nuestra propia vida, que Juan Carlos I financi\u00f3 las primeras campa\u00f1as electorales de la UCD con dinero del que, ya por entonces, le \u201cregalaban\u201d los jeques de las dictaduras \u00e1rabes.<\/p>\n\n\n\n<p>Volviendo al Tribunal Constitucional, hoy es s\u00e1bado por la ma\u00f1ana porque, antes de ponerme a escribir, decid\u00ed esperar 24 horas para comprobar si reaccionaba alguno de los tres partidos pol\u00edticos que pueden impedir la humillaci\u00f3n para toda la sociedad que significar\u00e1 el hecho de que Arnaldo y \u201cquerida Concha\u201d Espejel, pasen a formar parte del tribunal que debe decidir lo que es constitucional y lo que no.<\/p>\n\n\n\n<p>Pero la realidad es que ni el PP, culpable directo de esta ofensa general, ni el PSOE, colaborador necesario, ni UP, que decide no ejercer la presi\u00f3n que podr\u00eda, han hecho nada por impedir este \u201cpaso m\u00e1s en la degradaci\u00f3n institucional\u201d aunque el profesor P\u00e9rez Royo, con este t\u00edtulo que entrecomillo, se estuviera refiriendo ayer al \u201ctimo\u201d que ha sido y sigue siendo la monarqu\u00eda espa\u00f1ola, que todo suma en una descomposici\u00f3n pol\u00edtica que nadie se atreve a parar.<\/p>\n\n\n\n<p>Por ejemplo, ayer mismo Pablo Casado podr\u00eda haber anunciado que, ante las \u00faltimas revelaciones, que, por supuesto, \u201cdesconoc\u00eda\u201d, retira su confianza en el juez Arnaldo, y que propondr\u00e1 otro en breve. \u00c9l, quien tanto amenaza casi cada vez que habla, est\u00e1 perdiendo una ocasi\u00f3n de oro para disfrazar de error lo que no era m\u00e1s que pura maldad colocando en el TC a dos jueces que ofenden. Quiz\u00e1s D\u00edaz Ayuso y Madrid explican la peligrosa debilidad que est\u00e1 mostrando el a\u00fan l\u00edder del PP.<\/p>\n\n\n\n<p>En su caso, Pedro S\u00e1nchez podr\u00eda anunciar que, ante las \u00faltimas revelaciones, que, por supuesto, \u201cdesconoc\u00eda\u201d, disculpe que me repita, retira el apoyo del PSOE a Arnaldo, y queda a la espera de otro candidato, solicitando a Casado que, de paso, sustituya tambi\u00e9n a Espejel, que fue excluida de un juicio sobre corrupci\u00f3n del PP por las muchas y probadas vinculaciones con ese partido. S\u00e1nchez necesita demostrar a sus millones de votantes que no ha mordido la manzana que le ha puesto en la boca la serpiente de siempre. Pero no, creo haber le\u00eddo que dec\u00eda que \u00e9l solo responde por los dos candidatos del PSOE. Si fuera verdad, es una verg\u00fcenza escuchar eso del presidente del gobierno.<\/p>\n\n\n\n<p>Y los de UP deber\u00edan anunciarle a Pedro S\u00e1nchez que, ante las \u00faltimas revelaciones, que, por supuesto, \u201cdesconoc\u00edan\u201d, o rompe el pacto con el PP para los relevos en el TC o ellos abandonan el Gobierno, porque ya est\u00e1 bien de humillaciones y, adem\u00e1s, saben que, tanto si S\u00e1nchez disuelve las Cortes como si sigue gobernando, que solo podr\u00eda hacerlo con un apoyo del PP que desangrar\u00eda al PSOE, en las pr\u00f3ximas urnas recuperar\u00e1n muchos de los votos que, por su mala cabeza colectiva, perdieron entre 2016 y 2019.<\/p>\n\n\n\n<p>Pero abro las pantallas y nada decente ha sucedido.<\/p>\n\n\n\n<p><span style=\"background-color:#000c11\" class=\"td_text_highlight_marker\">Domingo Sanz<\/span><\/p>\n","protected":false},"excerpt":{"rendered":"<p>\u201cVaya papel\u00f3n el del PSOE y UP votando al juez Arnaldo\u201d escuch\u00e9 que dec\u00eda el de La SER a las 07:45 horas de ayer, 5 de noviembre. Se hac\u00eda eco de la exclusiva de \u201cEl Confidencial\u201d sobre detalles \u201cdesconocidos\u201d del citado juez, que es el candidato del PP para cubrir, junto con Espejel, dos de [&hellip;]<\/p>\n","protected":false},"author":2,"featured_media":1602,"comment_status":"open","ping_status":"open","sticky":false,"template":"","format":"standard","meta":{"footnotes":""},"categories":[139],"tags":[],"class_list":{"0":"post-4374","1":"post","2":"type-post","3":"status-publish","4":"format-standard","5":"has-post-thumbnail","7":"category-opinio"},"_links":{"self":[{"href":"https:\/\/www.areabesos.com\/diario\/wp-json\/wp\/v2\/posts\/4374","targetHints":{"allow":["GET"]}}],"collection":[{"href":"https:\/\/www.areabesos.com\/diario\/wp-json\/wp\/v2\/posts"}],"about":[{"href":"https:\/\/www.areabesos.com\/diario\/wp-json\/wp\/v2\/types\/post"}],"author":[{"embeddable":true,"href":"https:\/\/www.areabesos.com\/diario\/wp-json\/wp\/v2\/users\/2"}],"replies":[{"embeddable":true,"href":"https:\/\/www.areabesos.com\/diario\/wp-json\/wp\/v2\/comments?post=4374"}],"version-history":[{"count":1,"href":"https:\/\/www.areabesos.com\/diario\/wp-json\/wp\/v2\/posts\/4374\/revisions"}],"predecessor-version":[{"id":4375,"href":"https:\/\/www.areabesos.com\/diario\/wp-json\/wp\/v2\/posts\/4374\/revisions\/4375"}],"wp:featuredmedia":[{"embeddable":true,"href":"https:\/\/www.areabesos.com\/diario\/wp-json\/wp\/v2\/media\/1602"}],"wp:attachment":[{"href":"https:\/\/www.areabesos.com\/diario\/wp-json\/wp\/v2\/media?parent=4374"}],"wp:term":[{"taxonomy":"category","embeddable":true,"href":"https:\/\/www.areabesos.com\/diario\/wp-json\/wp\/v2\/categories?post=4374"},{"taxonomy":"post_tag","embeddable":true,"href":"https:\/\/www.areabesos.com\/diario\/wp-json\/wp\/v2\/tags?post=4374"}],"curies":[{"name":"wp","href":"https:\/\/api.w.org\/{rel}","templated":true}]}}