{"id":4372,"date":"2021-11-06T12:30:00","date_gmt":"2021-11-06T11:30:00","guid":{"rendered":"http:\/\/www.areabesos.com\/diario\/?p=4372"},"modified":"2021-11-08T12:32:09","modified_gmt":"2021-11-08T11:32:09","slug":"suspendre-a-un-diputat","status":"publish","type":"post","link":"https:\/\/www.areabesos.com\/diario\/suspendre-a-un-diputat\/","title":{"rendered":"Suspendre a un diputat"},"content":{"rendered":"\n<p>Sembla que tots estem d&#8217;acord que l&#8217;em\u00e8rit rei d&#8217;Espanya,\u00a0se li llevin tots els privilegis que t\u00e9 (pensant que\u00a0tots\u00a0som iguals davant la llei), aix\u00f2 el que volen els de junts,\u00a0per\u00f2 al mateix temps volen canviar les lleis perqu\u00e8 els diputats sol ses jutgi quan hagin estat jutjats i no com deia la llei quan\u00a0seles\u00a0obri judici oral per delictes vinculats amb corrupci\u00f3,\u00a0tr\u00e0fic\u00a0d&#8217;influ\u00e8ncies,\u00a0, prevaricacio, suborn\u00a0i malversaci\u00f3 de fons.\u00a0Sembla que\u00a0volen canviar les lleis,\u00a0partint de la base de presumpci\u00f3 d&#8217;innoc\u00e8ncia.\u00a0Els diputats han de saber que els hem elegits nosaltres amb els nostres vots i ning\u00fa ha de canviar les lleis sense el nostre\u00a0consentiment. Espero\u00a0que prenguin\u00a0nota, ja que\u00a0en les pr\u00f2ximes eleccions ho tindrem present i aix\u00ed \u00e9s com ha de funcionar la\u00a0pol\u00edtica. No\u00a0podem permetre que ells facin les lleis nom\u00e9s\u00a0pensants\u00a0en ells.<\/p>\n\n\n\n<p><span style=\"background-color:#010c11\" class=\"td_text_highlight_marker\">Josep Meg\u00edas<\/span><\/p>\n","protected":false},"excerpt":{"rendered":"<p>Sembla que tots estem d&#8217;acord que l&#8217;em\u00e8rit rei d&#8217;Espanya,\u00a0se li llevin tots els privilegis que t\u00e9 (pensant que\u00a0tots\u00a0som iguals davant la llei), aix\u00f2 el que volen els de junts,\u00a0per\u00f2 al mateix temps volen canviar les lleis perqu\u00e8 els diputats sol ses jutgi quan hagin estat jutjats i no com deia la llei quan\u00a0seles\u00a0obri judici oral [&hellip;]<\/p>\n","protected":false},"author":2,"featured_media":1548,"comment_status":"open","ping_status":"open","sticky":false,"template":"","format":"standard","meta":{"footnotes":""},"categories":[139],"tags":[],"class_list":{"0":"post-4372","1":"post","2":"type-post","3":"status-publish","4":"format-standard","5":"has-post-thumbnail","7":"category-opinio"},"_links":{"self":[{"href":"https:\/\/www.areabesos.com\/diario\/wp-json\/wp\/v2\/posts\/4372","targetHints":{"allow":["GET"]}}],"collection":[{"href":"https:\/\/www.areabesos.com\/diario\/wp-json\/wp\/v2\/posts"}],"about":[{"href":"https:\/\/www.areabesos.com\/diario\/wp-json\/wp\/v2\/types\/post"}],"author":[{"embeddable":true,"href":"https:\/\/www.areabesos.com\/diario\/wp-json\/wp\/v2\/users\/2"}],"replies":[{"embeddable":true,"href":"https:\/\/www.areabesos.com\/diario\/wp-json\/wp\/v2\/comments?post=4372"}],"version-history":[{"count":1,"href":"https:\/\/www.areabesos.com\/diario\/wp-json\/wp\/v2\/posts\/4372\/revisions"}],"predecessor-version":[{"id":4373,"href":"https:\/\/www.areabesos.com\/diario\/wp-json\/wp\/v2\/posts\/4372\/revisions\/4373"}],"wp:featuredmedia":[{"embeddable":true,"href":"https:\/\/www.areabesos.com\/diario\/wp-json\/wp\/v2\/media\/1548"}],"wp:attachment":[{"href":"https:\/\/www.areabesos.com\/diario\/wp-json\/wp\/v2\/media?parent=4372"}],"wp:term":[{"taxonomy":"category","embeddable":true,"href":"https:\/\/www.areabesos.com\/diario\/wp-json\/wp\/v2\/categories?post=4372"},{"taxonomy":"post_tag","embeddable":true,"href":"https:\/\/www.areabesos.com\/diario\/wp-json\/wp\/v2\/tags?post=4372"}],"curies":[{"name":"wp","href":"https:\/\/api.w.org\/{rel}","templated":true}]}}