{"id":4367,"date":"2021-11-05T13:51:44","date_gmt":"2021-11-05T12:51:44","guid":{"rendered":"http:\/\/www.areabesos.com\/diario\/?p=4367"},"modified":"2021-11-05T13:51:45","modified_gmt":"2021-11-05T12:51:45","slug":"el-projecte-vesta-ja-es-en-marxa","status":"publish","type":"post","link":"https:\/\/www.areabesos.com\/diario\/el-projecte-vesta-ja-es-en-marxa\/","title":{"rendered":"El projecte Vesta ja \u00e9s en marxa"},"content":{"rendered":"\n<p>El projecte VESTA \u00e9s l\u2019aposta de diferents entitats p\u00fabliques i del tercer sector per acompanyar dones amb fills i filles a c\u00e0rrec i en situaci\u00f3 de sensellar al territori Bes\u00f2s.<\/p>\n\n\n\n<p>El sensellarisme femen\u00ed, tamb\u00e9 al Bes\u00f2s, desenvolupa una estrat\u00e8gia residencial que porta les dones a molts llocs diferents abans del carrer: Acolliment amb familiars i amics, allotjaments temporals (pensions, cases d\u2019acollida, dispositius d\u2019emerg\u00e8ncia), ocupacions d\u2019habitatges buits, habitacions subarrendades,&#8230; totes formes d\u2019habitatge insegur tant des d\u2019una perspectiva temporal, com jur\u00eddica, com emocional, circumst\u00e0ncies que fan inviable el dibuix de projecte vital per a cadascuna d\u2019elles. S\u00f3n dones que, si tenen fills i filles menors, solen moure\u2019s amb ells a c\u00e0rrec, transferint-los totes les dificultats del dia a dia.<\/p>\n\n\n\n<p>El projecte VESTA, reposa en dos pilars: d\u2019una banda el tractament de l\u2019habitatge com un dret oferint soluci\u00f3 residencial a les persones participants, i de l\u2019altra l\u2019acompanyament integral, incloent l\u2019\u00e0mbit laboral amb disseny i&nbsp;desenvolupament d&#8217;itineraris laborals molt personalitzats<em>,&nbsp;<\/em>&nbsp;posant en el centre les necessitats i els moments de les persones ateses, acompanyant-les vers la recuperaci\u00f3 del propi projecte vital.<\/p>\n\n\n\n<p>VESTA \u00e9s una prova pilot perqu\u00e8 en el seu desenvolupament cont\u00e9 importants elements d\u2019innovaci\u00f3 social, entre altres el fet que el disseny i execuci\u00f3 del projecte \u00e9s una iniciativa conjunta dels Ajuntaments de Badalona, Montcada i Reixac, Sant Adri\u00e0 del Bes\u00f2s i Santa Coloma de Gramenet, de les entitats del Tercer Sector C\u00e0ritas Diocesana de Barcelona, Fundaci\u00f3 Formaci\u00f3 i Treball, Fundaci\u00f3 Mambr\u00e9 i Sant Joan de D\u00e9u-Serveis Socials, i tamb\u00e9 del Consorci del Bes\u00f2s, i compta amb el suport de l\u2019\u00c0rea Metropolitana de Barcelona i l\u2019Ajuntament de Barcelona. La col\u00b7laboraci\u00f3 supramunicipal i p\u00fablic-privada esdev\u00e9 l\u2019oportunitat de sumar recursos i sabers per respondre millor a situacions de gran vulnerabilitat.<\/p>\n\n\n\n<p>VESTA neix amb la capacitat d\u2019atendre un total de 30 persones per un per\u00edode de 3 anys, durant el qual haurem de comprovar l\u2019efic\u00e0cia dels elements d\u2019innovaci\u00f3 social i del treball compartit entre totes les institucions esmentades.<\/p>\n\n\n\n<p>Ja des d\u2019ara s\u2019intueix que ser\u00e0 d\u2019inter\u00e8s poder replicar en altres \u00e0mbits territorials i estendre\u2019s de manera m\u00e9s generalitzada al propi Bes\u00f2s, incloent-hi altres agents en el seu desenvolupament.&nbsp;<\/p>\n","protected":false},"excerpt":{"rendered":"<p>El projecte VESTA \u00e9s l\u2019aposta de diferents entitats p\u00fabliques i del tercer sector per acompanyar dones amb fills i filles a c\u00e0rrec i en situaci\u00f3 de sensellar al territori Bes\u00f2s. El sensellarisme femen\u00ed, tamb\u00e9 al Bes\u00f2s, desenvolupa una estrat\u00e8gia residencial que porta les dones a molts llocs diferents abans del carrer: Acolliment amb familiars i [&hellip;]<\/p>\n","protected":false},"author":2,"featured_media":4368,"comment_status":"open","ping_status":"open","sticky":false,"template":"","format":"standard","meta":{"footnotes":""},"categories":[134,135],"tags":[],"class_list":{"0":"post-4367","1":"post","2":"type-post","3":"status-publish","4":"format-standard","5":"has-post-thumbnail","7":"category-actualitat","8":"category-societat"},"_links":{"self":[{"href":"https:\/\/www.areabesos.com\/diario\/wp-json\/wp\/v2\/posts\/4367","targetHints":{"allow":["GET"]}}],"collection":[{"href":"https:\/\/www.areabesos.com\/diario\/wp-json\/wp\/v2\/posts"}],"about":[{"href":"https:\/\/www.areabesos.com\/diario\/wp-json\/wp\/v2\/types\/post"}],"author":[{"embeddable":true,"href":"https:\/\/www.areabesos.com\/diario\/wp-json\/wp\/v2\/users\/2"}],"replies":[{"embeddable":true,"href":"https:\/\/www.areabesos.com\/diario\/wp-json\/wp\/v2\/comments?post=4367"}],"version-history":[{"count":1,"href":"https:\/\/www.areabesos.com\/diario\/wp-json\/wp\/v2\/posts\/4367\/revisions"}],"predecessor-version":[{"id":4369,"href":"https:\/\/www.areabesos.com\/diario\/wp-json\/wp\/v2\/posts\/4367\/revisions\/4369"}],"wp:featuredmedia":[{"embeddable":true,"href":"https:\/\/www.areabesos.com\/diario\/wp-json\/wp\/v2\/media\/4368"}],"wp:attachment":[{"href":"https:\/\/www.areabesos.com\/diario\/wp-json\/wp\/v2\/media?parent=4367"}],"wp:term":[{"taxonomy":"category","embeddable":true,"href":"https:\/\/www.areabesos.com\/diario\/wp-json\/wp\/v2\/categories?post=4367"},{"taxonomy":"post_tag","embeddable":true,"href":"https:\/\/www.areabesos.com\/diario\/wp-json\/wp\/v2\/tags?post=4367"}],"curies":[{"name":"wp","href":"https:\/\/api.w.org\/{rel}","templated":true}]}}