{"id":4365,"date":"2021-11-04T10:40:00","date_gmt":"2021-11-04T09:40:00","guid":{"rendered":"http:\/\/www.areabesos.com\/diario\/?p=4365"},"modified":"2021-11-05T10:44:12","modified_gmt":"2021-11-05T09:44:12","slug":"viure-a-sant-adria","status":"publish","type":"post","link":"https:\/\/www.areabesos.com\/diario\/viure-a-sant-adria\/","title":{"rendered":"Viure a Sant Adri\u00e0"},"content":{"rendered":"\n<p>He le\u00eddo el numero 247 noviembre 2021 Viure<\/p>\n\n\n\n<p>Quer\u00eda realizar esta reflexi\u00f3n, tengo 75 a\u00f1os y he nacido en San Adri\u00e1n y recuerdo como estaba el r\u00edo, las calles y las playas, la rambleta y por supuesto la contaminaci\u00f3n y porque no, la pobreza y el paro.<\/p>\n\n\n\n<p>Recuerdo que la basura la recog\u00eda un carro y el basurero tocaba una trompeta y los vecinos sacaban el cubo de la basura. Esta basura se utilizaba para abono de los campos o se llevaba para comida a los cerdos y dem\u00e1s.Todo esto ser\u00eda impensable realizarlo de esta manera y si lo comparamos las cosas han mejorado ya que somos m\u00e1s habitantes y creamos mucha m\u00e1s basura y los envases de los productos y envoltorios no son como antes. Tambi\u00e9n recuerdo que del matadero llegaban todas las tripas de los animales que mataban y los enviaban al r\u00edo, y tambi\u00e9n muchas de las empresas que hab\u00eda en la villa enviaban al r\u00edo y al mar contaminantes, nos ba\u00f1\u00e1bamos en el r\u00edo y en la playa, tambi\u00e9n recuerdo que hab\u00eda \u201cmerenderos \u201c en la playa donde se serv\u00edan comidas y cenas. Todo ha cambiado, pero realmente lo que me preocupa al leer la opini\u00f3n de los partidos pol\u00edticos, veo que todos se quejan, unos dicen que los ciudadanos no estamos por la labor y somos inc\u00edvicos, otros que recuerdan cuando eran peque\u00f1os-as que todo estaba mal y ahora est\u00e1 peor, otros que deber\u00edamos cambiar de lideres, otros que la Generalitat deber\u00eda tomar medidas en los reciclajes y por \u00faltimo dicen que el equipo de gobierno no est\u00e1 velando por los intereses de los ciudadanos, mencionando que los equipos de limpieza renuncian a seguir limpiando por que pierden dinero. Bueno, una vez dicho esto espero que los partidos pol\u00edticos se dediquen a unirse en buscar soluciones. Seguramente los partidos pol\u00edticos piensan en las nuevas elecciones y no desean ayudar a quien gobierna ya que esto no da votos, ocurre de toda la vida gobierne quien gobierne<\/p>\n\n\n\n<p>Tambi\u00e9n a la alcaldesa Filo despu\u00e9s de seis meses, supongo que ya tendr\u00e1 las prioridades que necesitan los ciudadanos y poder cumplir con sus compromisos. H\u00e1gase la idea que tendr\u00e1 poca ayuda<\/p>\n\n\n\n<p>P.D<\/p>\n\n\n\n<p>En las anteriores publicaciones, los partidos, los comentarios eran similares, aunque de otros temas, espero que en las pr\u00f3ximas opiniones haya mas empatia para solucionarlos.<\/p>\n\n\n\n<p><span style=\"background-color:#00090d\" class=\"td_text_highlight_marker\">Jos\u00e9 Meg\u00edas<\/span><\/p>\n","protected":false},"excerpt":{"rendered":"<p>He le\u00eddo el numero 247 noviembre 2021 Viure Quer\u00eda realizar esta reflexi\u00f3n, tengo 75 a\u00f1os y he nacido en San Adri\u00e1n y recuerdo como estaba el r\u00edo, las calles y las playas, la rambleta y por supuesto la contaminaci\u00f3n y porque no, la pobreza y el paro. Recuerdo que la basura la recog\u00eda un carro [&hellip;]<\/p>\n","protected":false},"author":2,"featured_media":2018,"comment_status":"open","ping_status":"open","sticky":false,"template":"","format":"standard","meta":{"footnotes":""},"categories":[139],"tags":[],"class_list":{"0":"post-4365","1":"post","2":"type-post","3":"status-publish","4":"format-standard","5":"has-post-thumbnail","7":"category-opinio"},"_links":{"self":[{"href":"https:\/\/www.areabesos.com\/diario\/wp-json\/wp\/v2\/posts\/4365","targetHints":{"allow":["GET"]}}],"collection":[{"href":"https:\/\/www.areabesos.com\/diario\/wp-json\/wp\/v2\/posts"}],"about":[{"href":"https:\/\/www.areabesos.com\/diario\/wp-json\/wp\/v2\/types\/post"}],"author":[{"embeddable":true,"href":"https:\/\/www.areabesos.com\/diario\/wp-json\/wp\/v2\/users\/2"}],"replies":[{"embeddable":true,"href":"https:\/\/www.areabesos.com\/diario\/wp-json\/wp\/v2\/comments?post=4365"}],"version-history":[{"count":1,"href":"https:\/\/www.areabesos.com\/diario\/wp-json\/wp\/v2\/posts\/4365\/revisions"}],"predecessor-version":[{"id":4366,"href":"https:\/\/www.areabesos.com\/diario\/wp-json\/wp\/v2\/posts\/4365\/revisions\/4366"}],"wp:featuredmedia":[{"embeddable":true,"href":"https:\/\/www.areabesos.com\/diario\/wp-json\/wp\/v2\/media\/2018"}],"wp:attachment":[{"href":"https:\/\/www.areabesos.com\/diario\/wp-json\/wp\/v2\/media?parent=4365"}],"wp:term":[{"taxonomy":"category","embeddable":true,"href":"https:\/\/www.areabesos.com\/diario\/wp-json\/wp\/v2\/categories?post=4365"},{"taxonomy":"post_tag","embeddable":true,"href":"https:\/\/www.areabesos.com\/diario\/wp-json\/wp\/v2\/tags?post=4365"}],"curies":[{"name":"wp","href":"https:\/\/api.w.org\/{rel}","templated":true}]}}