{"id":4362,"date":"2021-11-05T10:31:45","date_gmt":"2021-11-05T09:31:45","guid":{"rendered":"http:\/\/www.areabesos.com\/diario\/?p=4362"},"modified":"2021-11-05T10:31:46","modified_gmt":"2021-11-05T09:31:46","slug":"lajuntament-de-sant-adria-i-la-fundacion-de-los-ferrocarriles-espanoles-renoven-el-conveni-de-cessio-del-vago-el-sevillano-al-mhic","status":"publish","type":"post","link":"https:\/\/www.areabesos.com\/diario\/lajuntament-de-sant-adria-i-la-fundacion-de-los-ferrocarriles-espanoles-renoven-el-conveni-de-cessio-del-vago-el-sevillano-al-mhic\/","title":{"rendered":"L\u2019Ajuntament de Sant Adri\u00e0 i la Fundaci\u00f3n de los Ferrocarriles Espa\u00f1oles renoven el conveni de cessi\u00f3 del vag\u00f3 El Sevillano al MhiC"},"content":{"rendered":"\n<p>Ahir 4 de novembre l\u2019alcaldessa de Sant Adri\u00e0 de Bes\u00f2s, Filo Ca\u00f1ete, i el director gerent de la Fundaci\u00f3n de los Ferrocarriles Espa\u00f1oles F.S.P., Jos\u00e9 Carlos Dom\u00ednguez, van signar el conveni per prorrogar durant 10 anys m\u00e9s la cessi\u00f3 del cotxe de la s\u00e8rie 8000 de RENFE (El Sevillano) al Museu d\u2019Hist\u00f2ria de la Immigraci\u00f3 de Sant Adri\u00e0 (MhiC).<\/p>\n\n\n\n<p>L\u2019acte de signatura va tenir lloc al MhiC i va comptar tamb\u00e9 amb l&#8217;assist\u00e8ncia de Pilar Garcia, directora del Museu del Ferrocarril, i d\u2019Andr\u00e9s Pozo, regidor de Cultura de Sant Adri\u00e0.<\/p>\n\n\n\n<p>L&#8217;objectiu del conveni \u00e9s mantenir viu el comprom\u00eds que les dues institucions van iniciar l&#8217;any 2007 amb la cessi\u00f3, la cura i l\u2019exhibici\u00f3 d\u2019una pe\u00e7a fonamental tant pel MhiC com per Sant Adri\u00e0, per difondre la mem\u00f2ria social vinculada al ferrocarril i el seu paper fonamental en el proc\u00e9s migratori del s. XX a Catalunya.<\/p>\n","protected":false},"excerpt":{"rendered":"<p>Ahir 4 de novembre l\u2019alcaldessa de Sant Adri\u00e0 de Bes\u00f2s, Filo Ca\u00f1ete, i el director gerent de la Fundaci\u00f3n de los Ferrocarriles Espa\u00f1oles F.S.P., Jos\u00e9 Carlos Dom\u00ednguez, van signar el conveni per prorrogar durant 10 anys m\u00e9s la cessi\u00f3 del cotxe de la s\u00e8rie 8000 de RENFE (El Sevillano) al Museu d\u2019Hist\u00f2ria de la Immigraci\u00f3 [&hellip;]<\/p>\n","protected":false},"author":2,"featured_media":4363,"comment_status":"open","ping_status":"open","sticky":false,"template":"","format":"standard","meta":{"footnotes":""},"categories":[134,135],"tags":[],"class_list":{"0":"post-4362","1":"post","2":"type-post","3":"status-publish","4":"format-standard","5":"has-post-thumbnail","7":"category-actualitat","8":"category-societat"},"_links":{"self":[{"href":"https:\/\/www.areabesos.com\/diario\/wp-json\/wp\/v2\/posts\/4362","targetHints":{"allow":["GET"]}}],"collection":[{"href":"https:\/\/www.areabesos.com\/diario\/wp-json\/wp\/v2\/posts"}],"about":[{"href":"https:\/\/www.areabesos.com\/diario\/wp-json\/wp\/v2\/types\/post"}],"author":[{"embeddable":true,"href":"https:\/\/www.areabesos.com\/diario\/wp-json\/wp\/v2\/users\/2"}],"replies":[{"embeddable":true,"href":"https:\/\/www.areabesos.com\/diario\/wp-json\/wp\/v2\/comments?post=4362"}],"version-history":[{"count":1,"href":"https:\/\/www.areabesos.com\/diario\/wp-json\/wp\/v2\/posts\/4362\/revisions"}],"predecessor-version":[{"id":4364,"href":"https:\/\/www.areabesos.com\/diario\/wp-json\/wp\/v2\/posts\/4362\/revisions\/4364"}],"wp:featuredmedia":[{"embeddable":true,"href":"https:\/\/www.areabesos.com\/diario\/wp-json\/wp\/v2\/media\/4363"}],"wp:attachment":[{"href":"https:\/\/www.areabesos.com\/diario\/wp-json\/wp\/v2\/media?parent=4362"}],"wp:term":[{"taxonomy":"category","embeddable":true,"href":"https:\/\/www.areabesos.com\/diario\/wp-json\/wp\/v2\/categories?post=4362"},{"taxonomy":"post_tag","embeddable":true,"href":"https:\/\/www.areabesos.com\/diario\/wp-json\/wp\/v2\/tags?post=4362"}],"curies":[{"name":"wp","href":"https:\/\/api.w.org\/{rel}","templated":true}]}}