{"id":4359,"date":"2021-10-30T13:04:00","date_gmt":"2021-10-30T11:04:00","guid":{"rendered":"http:\/\/www.areabesos.com\/diario\/?p=4359"},"modified":"2021-11-02T13:07:18","modified_gmt":"2021-11-02T12:07:18","slug":"les-pensions","status":"publish","type":"post","link":"https:\/\/www.areabesos.com\/diario\/les-pensions\/","title":{"rendered":"Les pensions"},"content":{"rendered":"\n<p>Hi ha un gran debat sobre les pensions,\u00a0tots els ciutadans quan iniciem la nostra vida laboral comencem a cotitzar a la seguretat social.\u00a0Molts cotitzen al m\u00e0xim i altres al m\u00ednim,\u00a0o nom\u00e9s declaren part del seu\u00a0sou. Quan\u00a0acaba la vida laboral,\u00a0uns es troben amb la sorpresa que cotitzant al m\u00e0xim els pertany 2,707,40 euros i la seva base reguladora \u00e9s 3100 euros,\u00a0per la qual cosa perden diners,\u00a0per la limitaci\u00f3 de la llei que no permet cobrar\u00a0m\u00e9s,\u00a0per\u00f2 si recaptar\u00a0m\u00e9s,\u00a0uns altres tenen pensions 850,99 i 645,25 i molts volen cobrar\u00a0m\u00e9s\u00a0encara que no hagin cotitzat al m\u00e0xim.<br>Segurament veient com funciona la llei de pensions crec tots haur\u00edem de reflexionar que en aquest pa\u00eds res \u00e9s gratis i a l&#8217;hora de treballar hem de pensar en el futur,\u00a0cosa que en molts casos no es t\u00e9 en compte. Una\u00a0de les lleis\u00a0que no estic conforme \u00e9s que\u00a0els pensionistes\u00a0paguin impost de treball\u00a0IRPF, ja que\u00a0no treballen. Tal com estan les coses al nostre pa\u00eds,\u00a0els pensionistes,\u00a0no haurien de pagar IVA,\u00a0en l&#8217;aigua,\u00a0gas,\u00a0electricitat i alimentaci\u00f3\u00a0b\u00e0sica. Cap\u00a0partit pol\u00edtic\u00a0seri\u00f3s\u00a0\u00e9s\u00a0capa\u00e7 de canviar aquestes lleis,\u00a0nom\u00e9s estan preparats per a enviar-nos propostes que mai es compliran.\u00a0El\u00a0Pacte de Toledo\u00a0ja\u00a0est\u00e0\u00a0acabat i sembla que\u00a0m\u00e9s\u00a0que canvis s&#8217;ha transformat en recomanacions, segurament\u00a0veurem en el 2021 que de molt poc\u00a0ha\u00a0servit tanta dedicaci\u00f3 a aquest tema.<\/p>\n\n\n\n<p><span style=\"background-color:#010e14\" class=\"td_text_highlight_marker\">Jos\u00e9 Meg\u00edas<\/span><\/p>\n","protected":false},"excerpt":{"rendered":"<p>Hi ha un gran debat sobre les pensions,\u00a0tots els ciutadans quan iniciem la nostra vida laboral comencem a cotitzar a la seguretat social.\u00a0Molts cotitzen al m\u00e0xim i altres al m\u00ednim,\u00a0o nom\u00e9s declaren part del seu\u00a0sou. Quan\u00a0acaba la vida laboral,\u00a0uns es troben amb la sorpresa que cotitzant al m\u00e0xim els pertany 2,707,40 euros i la seva [&hellip;]<\/p>\n","protected":false},"author":2,"featured_media":4360,"comment_status":"open","ping_status":"open","sticky":false,"template":"","format":"standard","meta":{"footnotes":""},"categories":[139],"tags":[],"class_list":{"0":"post-4359","1":"post","2":"type-post","3":"status-publish","4":"format-standard","5":"has-post-thumbnail","7":"category-opinio"},"_links":{"self":[{"href":"https:\/\/www.areabesos.com\/diario\/wp-json\/wp\/v2\/posts\/4359","targetHints":{"allow":["GET"]}}],"collection":[{"href":"https:\/\/www.areabesos.com\/diario\/wp-json\/wp\/v2\/posts"}],"about":[{"href":"https:\/\/www.areabesos.com\/diario\/wp-json\/wp\/v2\/types\/post"}],"author":[{"embeddable":true,"href":"https:\/\/www.areabesos.com\/diario\/wp-json\/wp\/v2\/users\/2"}],"replies":[{"embeddable":true,"href":"https:\/\/www.areabesos.com\/diario\/wp-json\/wp\/v2\/comments?post=4359"}],"version-history":[{"count":1,"href":"https:\/\/www.areabesos.com\/diario\/wp-json\/wp\/v2\/posts\/4359\/revisions"}],"predecessor-version":[{"id":4361,"href":"https:\/\/www.areabesos.com\/diario\/wp-json\/wp\/v2\/posts\/4359\/revisions\/4361"}],"wp:featuredmedia":[{"embeddable":true,"href":"https:\/\/www.areabesos.com\/diario\/wp-json\/wp\/v2\/media\/4360"}],"wp:attachment":[{"href":"https:\/\/www.areabesos.com\/diario\/wp-json\/wp\/v2\/media?parent=4359"}],"wp:term":[{"taxonomy":"category","embeddable":true,"href":"https:\/\/www.areabesos.com\/diario\/wp-json\/wp\/v2\/categories?post=4359"},{"taxonomy":"post_tag","embeddable":true,"href":"https:\/\/www.areabesos.com\/diario\/wp-json\/wp\/v2\/tags?post=4359"}],"curies":[{"name":"wp","href":"https:\/\/api.w.org\/{rel}","templated":true}]}}