{"id":4352,"date":"2021-10-29T10:31:26","date_gmt":"2021-10-29T08:31:26","guid":{"rendered":"http:\/\/www.areabesos.com\/diario\/?p=4352"},"modified":"2021-10-29T10:31:26","modified_gmt":"2021-10-29T08:31:26","slug":"valtonyc-y-el-efecto-rebote","status":"publish","type":"post","link":"https:\/\/www.areabesos.com\/diario\/valtonyc-y-el-efecto-rebote\/","title":{"rendered":"Valtonyc y el efecto rebote"},"content":{"rendered":"\n<p>Pase lo que pase con el rapero mallorqu\u00edn, lo que s\u00ed se ha producido ya es un efecto rebote que nadie pudo imaginar: la demanda de extradici\u00f3n enviada desde Espa\u00f1a ha llevado a los jueces belgas a derogar, por inconstitucional, una ley sobre injurias a la Corona vigente en su pa\u00eds desde el a\u00f1o 1847.<\/p>\n\n\n\n<p>Esto demuestra que, ante cualquier cosa que puedan decir o escuchar contra su rey, incluso cantando, entre los belgas prevalece el sentido com\u00fan suficiente para no darle importancia. Tampoco se molestan los pol\u00edticos, ni los polic\u00edas ni los jueces, pero estos \u00faltimos han reaccionado cuando se han encontrado ante la tesitura de tener que enviar a una c\u00e1rcel espa\u00f1ola a un espa\u00f1ol residente en B\u00e9lgica por lo mismo que a un belga no le pasar\u00eda nada. Por si acaso hubiera varias Europas, los belgas deciden fortalecer la suya.<\/p>\n\n\n\n<p>Hago esta misma reflexi\u00f3n en voz alta y, como en otras ocasiones, me responden con un ranking mundial de calidades democr\u00e1ticas en el que Espa\u00f1a figura en el puesto 19 y B\u00e9lgica en el 31.<\/p>\n\n\n\n<p>No tengo argumentos para demostrar lo contrario, pero entonces, y despu\u00e9s de salvar mil distancias, me vienen a la cabeza otros exiliados, los republicanos, aquellos que huyeron de la dictadura franquista para salvar sus vidas y, una vez en Europa, muchos las entregaron contra el nazismo.<\/p>\n\n\n\n<p>Ochenta a\u00f1os despu\u00e9s, los nuevos perseguidos, raperos o catalanes, aunque \u201csolo\u201d huyen de la c\u00e1rcel, cuando cuentan lo que les pasa consiguen que algunos europeos recuerden, y, aunque ahora no sufren totalitarismos, los hay que agradecen el gesto de refugiarse all\u00ed atrevi\u00e9ndose a mejorar sus propias democracias.<\/p>\n\n\n\n<p>Es probable que los europeos, cuya historia no les ha obligado a perder tanta memoria como a los\u00a0espa\u00f1oles, nos conozcan mejor de lo que nos conocemos a nosotros mismos.<\/p>\n\n\n\n<p><span style=\"background-color:#010b0f\" class=\"td_text_highlight_marker\">Domingo Sanz<\/span><\/p>\n","protected":false},"excerpt":{"rendered":"<p>Pase lo que pase con el rapero mallorqu\u00edn, lo que s\u00ed se ha producido ya es un efecto rebote que nadie pudo imaginar: la demanda de extradici\u00f3n enviada desde Espa\u00f1a ha llevado a los jueces belgas a derogar, por inconstitucional, una ley sobre injurias a la Corona vigente en su pa\u00eds desde el a\u00f1o 1847. [&hellip;]<\/p>\n","protected":false},"author":2,"featured_media":1632,"comment_status":"open","ping_status":"open","sticky":false,"template":"","format":"standard","meta":{"footnotes":""},"categories":[139],"tags":[],"class_list":{"0":"post-4352","1":"post","2":"type-post","3":"status-publish","4":"format-standard","5":"has-post-thumbnail","7":"category-opinio"},"_links":{"self":[{"href":"https:\/\/www.areabesos.com\/diario\/wp-json\/wp\/v2\/posts\/4352","targetHints":{"allow":["GET"]}}],"collection":[{"href":"https:\/\/www.areabesos.com\/diario\/wp-json\/wp\/v2\/posts"}],"about":[{"href":"https:\/\/www.areabesos.com\/diario\/wp-json\/wp\/v2\/types\/post"}],"author":[{"embeddable":true,"href":"https:\/\/www.areabesos.com\/diario\/wp-json\/wp\/v2\/users\/2"}],"replies":[{"embeddable":true,"href":"https:\/\/www.areabesos.com\/diario\/wp-json\/wp\/v2\/comments?post=4352"}],"version-history":[{"count":1,"href":"https:\/\/www.areabesos.com\/diario\/wp-json\/wp\/v2\/posts\/4352\/revisions"}],"predecessor-version":[{"id":4353,"href":"https:\/\/www.areabesos.com\/diario\/wp-json\/wp\/v2\/posts\/4352\/revisions\/4353"}],"wp:featuredmedia":[{"embeddable":true,"href":"https:\/\/www.areabesos.com\/diario\/wp-json\/wp\/v2\/media\/1632"}],"wp:attachment":[{"href":"https:\/\/www.areabesos.com\/diario\/wp-json\/wp\/v2\/media?parent=4352"}],"wp:term":[{"taxonomy":"category","embeddable":true,"href":"https:\/\/www.areabesos.com\/diario\/wp-json\/wp\/v2\/categories?post=4352"},{"taxonomy":"post_tag","embeddable":true,"href":"https:\/\/www.areabesos.com\/diario\/wp-json\/wp\/v2\/tags?post=4352"}],"curies":[{"name":"wp","href":"https:\/\/api.w.org\/{rel}","templated":true}]}}