{"id":4342,"date":"2021-10-27T10:40:00","date_gmt":"2021-10-27T08:40:00","guid":{"rendered":"http:\/\/www.areabesos.com\/diario\/?p=4342"},"modified":"2021-10-28T10:45:18","modified_gmt":"2021-10-28T08:45:18","slug":"erc-sant-adria-vota-en-contra-de-les-taxes-de-lany-vinent-i-denuncia-la-greu-situacio-de-la-pollancreda","status":"publish","type":"post","link":"https:\/\/www.areabesos.com\/diario\/erc-sant-adria-vota-en-contra-de-les-taxes-de-lany-vinent-i-denuncia-la-greu-situacio-de-la-pollancreda\/","title":{"rendered":"ERC Sant Adri\u00e0 vota en contra de les taxes de l\u2019any vinent i denuncia la greu situaci\u00f3 de la Pollancreda"},"content":{"rendered":"\n<p>La primera moci\u00f3 del ple, presentada de forma conjunta per ERC, SAeC i MES, i que reclamava la <strong>realitzaci\u00f3 d\u2019una auditoria p\u00fablica dels comptes de la Seguretat Social<\/strong>, va ser aprovada amb el vot favorable de tota la corporaci\u00f3.<\/p>\n\n\n\n<p>ERC, amb l\u2019adhesi\u00f3 de SAeC i MES, va presentar a m\u00e9s a m\u00e9s dues mocions. La primera, a favor d\u2019<strong>un finan\u00e7ament just per al m\u00f3n local<\/strong>. La defensa d\u2019aquesta moci\u00f3 va anar a c\u00e0rrec del regidor d\u2019Esquerra Antoni V\u00e9lez, qui va dir: \u201c<em>no es tracta d\u2019una necessitat puntual o d\u2019un fet partidista, sin\u00f3 que el que es demanava en aquesta moci\u00f3 era que les flexibilitzacions que s\u2019han perm\u00e8s a les administracions, especialment al m\u00f3n local, es continu\u00efn aplicant durant el 2022.\u201d<\/em><\/p>\n\n\n\n<p>La moci\u00f3, que demanava l\u2019absorci\u00f3 per part de l\u2019Estat de l\u2019import resultant de les liquidacions negatives, l\u2019articulaci\u00f3 del fons COVID per part de l\u2019Estat, la sol\u00b7licitud d\u2019una pr\u00f2rroga de la suspensi\u00f3 de les regles fiscals per a l\u2019any 2022 i la definici\u00f3 per part de l\u2019Estat de l\u2019import dels lliuraments a compte per al 2022, va ser aprovada per tots els grups municipals a excepci\u00f3 de C\u2019s, que es va abstenir.<\/p>\n\n\n\n<p>La segona moci\u00f3 d\u2019ERC, que tamb\u00e9 va comptar amb l\u2019adhesi\u00f3 de SAeC i MES, <strong>demanava la instal\u00b7laci\u00f3 o millora de les plaques fotovoltaiques en edificis p\u00fablics<\/strong>, i la creaci\u00f3 d\u2019una subvenci\u00f3 espec\u00edfica a la instal\u00b7laci\u00f3 d\u2019autoconsum per a la ciutadania. La defensa la va realitzar en Rub\u00e8n Arenas, portaveu del grup municipal d\u2019ERC, qui va recalcar que calia actuar davant l\u2019emerg\u00e8ncia clim\u00e0tica, dient que<em> \u201csom una ciutat prou gran i a la vegada prou petita, com per intentar implementar mesures agosarades que vagin en la l\u00ednia de la generaci\u00f3 d\u2019energies renovables\u201d.<\/em><\/p>\n\n\n\n<p>Als acords, la moci\u00f3 demanava la creaci\u00f3 d\u2019una oferta de subvenci\u00f3 directa per a la ciutadania de 150.000\u20ac finan\u00e7ats amb fons propis de l\u2019Ajuntament per a la promoci\u00f3 de la instal\u00b7laci\u00f3 de plaques fotovoltaiques i d\u2019autoconsum, la inversi\u00f3 de manteniment per a totes les plaques solars instal\u00b7lades en edificis p\u00fablics i l\u2019ampliaci\u00f3 de la quantitat de plaques solars instal\u00b7lades a edificis p\u00fablics. Aquesta moci\u00f3 tamb\u00e9 va ser aprovada per tots els grups municipals, amb l\u2019excepci\u00f3 de l\u2019abstenci\u00f3 de C\u2019s.<\/p>\n\n\n\n<p><strong>ERC es mostra contraria a les taxes del 2022<\/strong><\/p>\n\n\n\n<p><strong>Sobre el dictamen relatiu a l\u2019aprovaci\u00f3 provisional de les ordenances fiscals per a l\u2019exercici 2022<\/strong>, el partit republic\u00e0, a trav\u00e9s del regidor Pol Carri\u00f3n, va defensar el vot contrari argumentant que s\u2019havien fet una s\u00e8rie de propostes de forma constructiva i la resposta de l\u2019equip de govern havia estat que calia temps per estudiar-les, quan algunes d\u2019aquestes propostes eren reiterades d\u2019altres anys. <em>\u201cAlgunes de les propostes les hem fet ja anteriorment i la resposta ha estat que hi ha una necessitat de temps per estudiar-ho. Per\u00f2 la realitat \u00e9s que les propostes es repeteixen un any rere l\u2019altre i sempre manca temps per estudiar-les i aplicar-les\u201d. <\/em>Finalment, tot i els vots en contra d\u2019ERC, SAeC i MES, el dictamen va quedar aprovat.<\/p>\n\n\n\n<p><strong>Seguretat a l\u2019aparcament&nbsp; de la Pollancreda, altres punts, precs i preguntes<\/strong><\/p>\n\n\n\n<p>Els republicans tamb\u00e9 van denunciar de forma serena que <strong>al parking p\u00fablic de la Pollancreda continua una escalada de vandalisme<\/strong>, que la darrera setmana es va saldar amb desenes de rodes punxades i cotxes oberts.<\/p>\n\n\n\n<p>En aquest sentit, els republicans van recordar que no \u00e9s un problema nou, i de fet van mostrar en el ple una denuncia per aquest fets de l\u2019any 2014. Van demanar a l\u2019equip de govern comen\u00e7ar a actuar amb alguna de les m\u00faltiples propostes que l\u2019oposici\u00f3 ha realitzat en els darrers mesos, i consideren que esperar que el problema desaparegui per si sol mentre l\u2019equip de govern diu \u201c<em>treballar<\/em>\u201d en alguna soluci\u00f3 no \u00e9s la millor v\u00eda d\u2019afrontar aquest greu problema.<\/p>\n\n\n\n<p>Al torn de preguntes, els republicans van preguntar sobre la situaci\u00f3 de les plagues que pateix la ciutat, sobre el compliment de l\u2019ordenan\u00e7a de patinets el\u00e8ctrics, sobre la manca de manteniment dels parcs infantils i sobre l\u2019endarreriment del cobrament de rebuts del mercat d\u2019encants.<\/p>\n","protected":false},"excerpt":{"rendered":"<p>La primera moci\u00f3 del ple, presentada de forma conjunta per ERC, SAeC i MES, i que reclamava la realitzaci\u00f3 d\u2019una auditoria p\u00fablica dels comptes de la Seguretat Social, va ser aprovada amb el vot favorable de tota la corporaci\u00f3. ERC, amb l\u2019adhesi\u00f3 de SAeC i MES, va presentar a m\u00e9s a m\u00e9s dues mocions. La [&hellip;]<\/p>\n","protected":false},"author":2,"featured_media":3348,"comment_status":"open","ping_status":"open","sticky":false,"template":"","format":"standard","meta":{"footnotes":""},"categories":[134,135],"tags":[],"class_list":{"0":"post-4342","1":"post","2":"type-post","3":"status-publish","4":"format-standard","5":"has-post-thumbnail","7":"category-actualitat","8":"category-societat"},"_links":{"self":[{"href":"https:\/\/www.areabesos.com\/diario\/wp-json\/wp\/v2\/posts\/4342","targetHints":{"allow":["GET"]}}],"collection":[{"href":"https:\/\/www.areabesos.com\/diario\/wp-json\/wp\/v2\/posts"}],"about":[{"href":"https:\/\/www.areabesos.com\/diario\/wp-json\/wp\/v2\/types\/post"}],"author":[{"embeddable":true,"href":"https:\/\/www.areabesos.com\/diario\/wp-json\/wp\/v2\/users\/2"}],"replies":[{"embeddable":true,"href":"https:\/\/www.areabesos.com\/diario\/wp-json\/wp\/v2\/comments?post=4342"}],"version-history":[{"count":1,"href":"https:\/\/www.areabesos.com\/diario\/wp-json\/wp\/v2\/posts\/4342\/revisions"}],"predecessor-version":[{"id":4343,"href":"https:\/\/www.areabesos.com\/diario\/wp-json\/wp\/v2\/posts\/4342\/revisions\/4343"}],"wp:featuredmedia":[{"embeddable":true,"href":"https:\/\/www.areabesos.com\/diario\/wp-json\/wp\/v2\/media\/3348"}],"wp:attachment":[{"href":"https:\/\/www.areabesos.com\/diario\/wp-json\/wp\/v2\/media?parent=4342"}],"wp:term":[{"taxonomy":"category","embeddable":true,"href":"https:\/\/www.areabesos.com\/diario\/wp-json\/wp\/v2\/categories?post=4342"},{"taxonomy":"post_tag","embeddable":true,"href":"https:\/\/www.areabesos.com\/diario\/wp-json\/wp\/v2\/tags?post=4342"}],"curies":[{"name":"wp","href":"https:\/\/api.w.org\/{rel}","templated":true}]}}