{"id":4334,"date":"2021-10-26T11:55:43","date_gmt":"2021-10-26T09:55:43","guid":{"rendered":"http:\/\/www.areabesos.com\/diario\/?p=4334"},"modified":"2021-10-26T11:55:44","modified_gmt":"2021-10-26T09:55:44","slug":"les-taxes-i-els-impostos-municipals-es-tornen-a-congelar-per-a-lany-2022","status":"publish","type":"post","link":"https:\/\/www.areabesos.com\/diario\/les-taxes-i-els-impostos-municipals-es-tornen-a-congelar-per-a-lany-2022\/","title":{"rendered":"Les taxes i els impostos municipals es tornen a congelar per a l&#8217;any 2022"},"content":{"rendered":"\n<p>Les taxes i els impostos municipals que s\u2019aplicaran el proper any 2022 es van aprovar en el Ple municipal celebrat ahir 25 d\u2019octubre amb el vot favorable del Partit Socialista de Catalunya (PSC), Ciutadans (C\u2019S) i Movem Sant Adri\u00e0 (MSA-ECG) i el vot en contra d\u2019Esquerra Republicana de Catalunya (ERC), Sant Adri\u00e0 en Com\u00fa (SAeC) i Moviment d\u2019Esquerres (MES).<\/p>\n\n\n\n<p>L\u2019equip de govern, en la l\u00ednia dels darrers anys, congela una vegada m\u00e9s la major part d\u2019impostos i taxes municipals i redueix algunes per tal d\u2019evitar que els ciutadans i ciutadanes tinguin m\u00e9s pressi\u00f3 fiscal.<\/p>\n\n\n\n<p>El <strong>regidor d\u2019Hisenda, Hugo Ferrer<\/strong>, va destacar durant la sessi\u00f3 plen\u00e0ria la import\u00e0ncia d\u2019estar al costat de les persones, sobretot de les m\u00e9s vulnerables. Amb aquesta nova congelaci\u00f3 de taxes, i alguna baixada puntual, l\u2019equip de govern reafirma el seu comprom\u00eds amb les pol\u00edtiques socials.<\/p>\n\n\n\n<ul class=\"wp-block-list\"><li><strong>Tipus impositiu de l\u2019IBI<\/strong><\/li><\/ul>\n\n\n\n<p>Pel que fa a l\u2019IBI, l\u2019equip de govern continua la l\u00ednia dels \u00faltims anys, des de que va entrar en vigor la revisi\u00f3 cadastral l\u2019any 2013, i redueix el tipus de gravamen de l\u2019IBI per tal de que els ciutadans i ciutadanes no tinguin un augment important dels seus rebuts. El tipus aprovat per al 2022 \u00e9s de 0\u2019540 (0\u2019564 any 2021).<\/p>\n\n\n\n<p>A Sant Adri\u00e0 es va fer la revisi\u00f3 cadastral l\u2019any 2012 (d\u2019aplicaci\u00f3 el 2013). Per compensar l\u2019augment de l\u2019import de l\u2019IBI que aix\u00f2 implicava per a molts ciutadans i ciutadanes, l\u2019equip de govern va decidir utilitzar les dues eines que tenia a l\u2019abast: l\u2019aplicaci\u00f3 progressiva de la revisi\u00f3 cadastral i la rebaixa de tipus. Pel que fa a la revisi\u00f3 cadastral, s\u2019ha desenvolupat en 10 anys i el 2022 ser\u00e0 l\u2019\u00faltim any d&#8217;aplicaci\u00f3 de l\u2019increment del valor cadastral derivat de la revisi\u00f3 i per tant el darrer any que l\u2019Ajuntament ajustar\u00e0 el tipus impositiu per compensar la pujada.<\/p>\n\n\n\n<ul class=\"wp-block-list\"><li><strong>Impost de Construccions, instal\u00b7lacions i obres (ICIO)<\/strong><\/li><\/ul>\n\n\n\n<p><strong>S\u2019incorporen dues bonificacions noves del ICIO del 95%:<\/strong>d\u2019una banda, a les reparacions de fa\u00e7anes amb problemes estructurals; i, d\u2019altra banda, a les obres que afavoreixin l\u2019efici\u00e8ncia energ\u00e8tica dels edificis mitjan\u00e7ant l&#8217;a\u00efllament t\u00e8rmic.<\/p>\n\n\n\n<ul class=\"wp-block-list\"><li><strong>Taxa del mercat d\u2019encants<\/strong><\/li><\/ul>\n\n\n\n<p>Es redueix de 136 \u20ac m\u00f2dul\/semestre (2021) a 95 \u20ac m\u00f2dul\/semestre (2022). Amb aquesta mesura es vol ajudar als paradistes a superar les conseq\u00fc\u00e8ncies econ\u00f2miques de la crisi sanit\u00e0ria i al mateix temps s\u2019ajusta l\u2019import de la taxa a un preu semblant al dels mercats d\u2019encants propers.<\/p>\n\n\n\n<ul class=\"wp-block-list\"><li><strong>Zona blava i aparcament municipal<\/strong><\/li><\/ul>\n\n\n\n<p>Reducci\u00f3 de la taxa de zona blava i aparcament municipal del 50% a cotxes Eco i del 70% a cotxes Emissions 0. Aquesta mesura s\u2019emmarca en el conveni que l\u2019Ajuntament ha signat amb l\u2019 \u00c0rea Metropolitana de Barcelona (AMB) per a la instal\u00b7laci\u00f3 de noves m\u00e0quines de zona blava i l\u2019aplicaci\u00f3 d\u2019una APP per a la gesti\u00f3 de les zones d\u2019aparcament.<\/p>\n\n\n\n<ul class=\"wp-block-list\"><li><strong>Taxes socials<\/strong><\/li><\/ul>\n\n\n\n<p>Per nov\u00e8 any consecutiu es congelen les taxes de contingut m\u00e9s social, com ara les que s\u2019apliquen al programa d\u2019activitats f\u00edsiques per a la gent gran, l\u2019ajuda domicili\u00e0ria, els \u00e0pats a domicili, la neteja personal, l\u2019arranjament de les llars, la teleassist\u00e8ncia, etc.<\/p>\n\n\n\n<p>Una de les prioritats de l\u2019equip de govern \u00e9s l\u2019\u00e0mbit social i en aquesta l\u00ednia cal destacar que el consistori millora el Servei d\u2019Atenci\u00f3 Domiciliaria (SAD) i el Servei de neteja, augmentant el n\u00famero d\u2019hores i assumint l\u2019increment dels serveis sense que repercuteixi en les persones usu\u00e0ries. El SAD passa de 2.100 h, a 18,34 \u20ac\/mes (2021), a 2.900 h a un preu de sortida de la nova licitaci\u00f3 de 23,44 \u20ac\/mes (2022) ; el Servei de neteja de 750 h, a un preu de 14,85 \u20ac\/mes (2021), a 900 h a un preu de sortida de la nova licitaci\u00f3 de 18,24 \u20ac\/ mes (2002).<\/p>\n\n\n\n<p>Finalment, a proposta de FESMES, l\u2019empresa que gestiona el poliesportiu Bes\u00f2s, s\u2019incrementa per sota de l\u2019IPC la taxa que s\u2019aplica als cursets de nataci\u00f3 (3\u20191%) i als socis (2%).<\/p>\n","protected":false},"excerpt":{"rendered":"<p>Les taxes i els impostos municipals que s\u2019aplicaran el proper any 2022 es van aprovar en el Ple municipal celebrat ahir 25 d\u2019octubre amb el vot favorable del Partit Socialista de Catalunya (PSC), Ciutadans (C\u2019S) i Movem Sant Adri\u00e0 (MSA-ECG) i el vot en contra d\u2019Esquerra Republicana de Catalunya (ERC), Sant Adri\u00e0 en Com\u00fa (SAeC) [&hellip;]<\/p>\n","protected":false},"author":2,"featured_media":4335,"comment_status":"open","ping_status":"open","sticky":false,"template":"","format":"standard","meta":{"footnotes":""},"categories":[134,135],"tags":[],"class_list":{"0":"post-4334","1":"post","2":"type-post","3":"status-publish","4":"format-standard","5":"has-post-thumbnail","7":"category-actualitat","8":"category-societat"},"_links":{"self":[{"href":"https:\/\/www.areabesos.com\/diario\/wp-json\/wp\/v2\/posts\/4334","targetHints":{"allow":["GET"]}}],"collection":[{"href":"https:\/\/www.areabesos.com\/diario\/wp-json\/wp\/v2\/posts"}],"about":[{"href":"https:\/\/www.areabesos.com\/diario\/wp-json\/wp\/v2\/types\/post"}],"author":[{"embeddable":true,"href":"https:\/\/www.areabesos.com\/diario\/wp-json\/wp\/v2\/users\/2"}],"replies":[{"embeddable":true,"href":"https:\/\/www.areabesos.com\/diario\/wp-json\/wp\/v2\/comments?post=4334"}],"version-history":[{"count":1,"href":"https:\/\/www.areabesos.com\/diario\/wp-json\/wp\/v2\/posts\/4334\/revisions"}],"predecessor-version":[{"id":4336,"href":"https:\/\/www.areabesos.com\/diario\/wp-json\/wp\/v2\/posts\/4334\/revisions\/4336"}],"wp:featuredmedia":[{"embeddable":true,"href":"https:\/\/www.areabesos.com\/diario\/wp-json\/wp\/v2\/media\/4335"}],"wp:attachment":[{"href":"https:\/\/www.areabesos.com\/diario\/wp-json\/wp\/v2\/media?parent=4334"}],"wp:term":[{"taxonomy":"category","embeddable":true,"href":"https:\/\/www.areabesos.com\/diario\/wp-json\/wp\/v2\/categories?post=4334"},{"taxonomy":"post_tag","embeddable":true,"href":"https:\/\/www.areabesos.com\/diario\/wp-json\/wp\/v2\/tags?post=4334"}],"curies":[{"name":"wp","href":"https:\/\/api.w.org\/{rel}","templated":true}]}}