{"id":4331,"date":"2021-10-26T11:46:56","date_gmt":"2021-10-26T09:46:56","guid":{"rendered":"http:\/\/www.areabesos.com\/diario\/?p=4331"},"modified":"2021-10-26T11:46:57","modified_gmt":"2021-10-26T09:46:57","slug":"la-fira-dartesans-torna-a-la-placa-de-la-vila","status":"publish","type":"post","link":"https:\/\/www.areabesos.com\/diario\/la-fira-dartesans-torna-a-la-placa-de-la-vila\/","title":{"rendered":"La Fira d&#8217;artesans torna a la pla\u00e7a de la Vila"},"content":{"rendered":"\n<p>La Fira d\u2019Artesans torna aquest dissabte a la seva ubicaci\u00f3 habitual de la pla\u00e7a de la Vila, gr\u00e0cies al canvi de la normativa establerta per evitar la propagaci\u00f3 de la Covid-19.&nbsp;<\/p>\n\n\n\n<p>Es comptar\u00e0 amb la pres\u00e8ncia d&#8217;informadors per tal de controlar les cues, si escau, i vetllar pel compliment de les mesures de seguretat vigents: dist\u00e0ncia interpersonal i \u00fas de mascareta si aquesta dist\u00e0ncia \u00e9s inferior a 1,5m .<\/p>\n\n\n\n<p>La Fira t\u00e9 lloc el darrer dissabte de cada mes, per aquest motiu es dur\u00e0 a terme aquest 30 d&#8217;octubre, el 27 de novembre i el 18 de desembre.<\/p>\n","protected":false},"excerpt":{"rendered":"<p>La Fira d\u2019Artesans torna aquest dissabte a la seva ubicaci\u00f3 habitual de la pla\u00e7a de la Vila, gr\u00e0cies al canvi de la normativa establerta per evitar la propagaci\u00f3 de la Covid-19.&nbsp; Es comptar\u00e0 amb la pres\u00e8ncia d&#8217;informadors per tal de controlar les cues, si escau, i vetllar pel compliment de les mesures de seguretat vigents: [&hellip;]<\/p>\n","protected":false},"author":2,"featured_media":4332,"comment_status":"open","ping_status":"open","sticky":false,"template":"","format":"standard","meta":{"footnotes":""},"categories":[134,135],"tags":[],"class_list":{"0":"post-4331","1":"post","2":"type-post","3":"status-publish","4":"format-standard","5":"has-post-thumbnail","7":"category-actualitat","8":"category-societat"},"_links":{"self":[{"href":"https:\/\/www.areabesos.com\/diario\/wp-json\/wp\/v2\/posts\/4331","targetHints":{"allow":["GET"]}}],"collection":[{"href":"https:\/\/www.areabesos.com\/diario\/wp-json\/wp\/v2\/posts"}],"about":[{"href":"https:\/\/www.areabesos.com\/diario\/wp-json\/wp\/v2\/types\/post"}],"author":[{"embeddable":true,"href":"https:\/\/www.areabesos.com\/diario\/wp-json\/wp\/v2\/users\/2"}],"replies":[{"embeddable":true,"href":"https:\/\/www.areabesos.com\/diario\/wp-json\/wp\/v2\/comments?post=4331"}],"version-history":[{"count":1,"href":"https:\/\/www.areabesos.com\/diario\/wp-json\/wp\/v2\/posts\/4331\/revisions"}],"predecessor-version":[{"id":4333,"href":"https:\/\/www.areabesos.com\/diario\/wp-json\/wp\/v2\/posts\/4331\/revisions\/4333"}],"wp:featuredmedia":[{"embeddable":true,"href":"https:\/\/www.areabesos.com\/diario\/wp-json\/wp\/v2\/media\/4332"}],"wp:attachment":[{"href":"https:\/\/www.areabesos.com\/diario\/wp-json\/wp\/v2\/media?parent=4331"}],"wp:term":[{"taxonomy":"category","embeddable":true,"href":"https:\/\/www.areabesos.com\/diario\/wp-json\/wp\/v2\/categories?post=4331"},{"taxonomy":"post_tag","embeddable":true,"href":"https:\/\/www.areabesos.com\/diario\/wp-json\/wp\/v2\/tags?post=4331"}],"curies":[{"name":"wp","href":"https:\/\/api.w.org\/{rel}","templated":true}]}}