{"id":4328,"date":"2021-10-26T11:29:07","date_gmt":"2021-10-26T09:29:07","guid":{"rendered":"http:\/\/www.areabesos.com\/diario\/?p=4328"},"modified":"2021-10-26T11:29:08","modified_gmt":"2021-10-26T09:29:08","slug":"comenca-la-campanya-de-vacunacio-contra-la-grip-al-barcelones-nord","status":"publish","type":"post","link":"https:\/\/www.areabesos.com\/diario\/comenca-la-campanya-de-vacunacio-contra-la-grip-al-barcelones-nord\/","title":{"rendered":"Comen\u00e7a la campanya de vacunaci\u00f3 contra la grip al Barcelon\u00e8s Nord"},"content":{"rendered":"\n<p>Als centres d\u2019Atenci\u00f3 Prim\u00e0ria (CAP) de l\u2019Institut Catal\u00e0 de la Salut al Barcelon\u00e8s Nord ja s\u2019ha comen\u00e7at a administrar la vacuna contra la grip. Aquest any, l\u2019objectiu principal de la campanya de vacunaci\u00f3 \u00e9s arribar a persones que tenen 60 anys o m\u00e9s, persones que pateixen una malaltia cr\u00f2nica, embarassades i professionals de la salut. Podeu consultar a CanalSalut el detall dels grups poblacionals als quals es dirigeix la vacunaci\u00f3 contra la grip.<br><br>Aquest any, l<strong>a campanya inclou una novetat destacada: les persones que van rebre la segona dosi de la vacuna contra la COVID-19 fa m\u00e9s de 6 mesos, i que tenen m\u00e9s de 70 anys, podran rebre alhora la vacuna de la grip i la dosi de refor\u00e7 contra la SARS-CoV-2.<\/strong>&nbsp;Aix\u00ed, amb la doble vacunaci\u00f3, es pret\u00e9n protegir al m\u00e0xim els col\u00b7lectius m\u00e9s vulnerables davant una possible coinfecci\u00f3.<br><br>La tercera dosi de refor\u00e7 contra la SARS-CoV2, fins ara, ja s\u2019havia obert a les persones que viuen a les resid\u00e8ncies geri\u00e0triques i a les immunodeprimides i, ara, s\u2019obre a la poblaci\u00f3 general de m\u00e9s de 70 anys.<\/p>\n\n\n\n<h3 class=\"wp-block-heading\">On es duu a terme la vacunaci\u00f3?<\/h3>\n\n\n\n<p>Cada un dels equips d\u2019atenci\u00f3 prim\u00e0ria del territori han establert espais de vacunaci\u00f3 en funci\u00f3 de les especificitats del seu centre i de la seva poblaci\u00f3. Aix\u00ed doncs, en alguns casos la vacunaci\u00f3 es far\u00e0 als CAP i, en altres, a punts externs i comunitaris (centres c\u00edvics, casals, espais municipals, etc.).<br><br>Per saber on es realitza la vacunaci\u00f3, podeu accedir al llistat per municipis i consultar els espais concrets on vacunen tots els equips d\u2019atenci\u00f3 prim\u00e0ria de l\u2019Institut Catal\u00e0 de la Salut a la Metropolitana Nord.<\/p>\n\n\n\n<h3 class=\"wp-block-heading\">Com es pot obtenir cita per a la vacunaci\u00f3 contra la grip?<\/h3>\n\n\n\n<p>Totes les persones que formin part dels col\u00b7lectius de risc ja poden demanar cita a trav\u00e9s del web de programaci\u00f3 de visites (citasalut.gencat.cat) o a trav\u00e9s de La Meva Salut, a l\u2019apartat \u201cCita\u201d.<br><br>Tamb\u00e9 es pot demanar dia i hora a trav\u00e9s de la central de trucades, des d\u2019on es programa directament la cita, als tel\u00e8fons:<br>\u2981&nbsp;&nbsp; &nbsp;Badalona i Sant Adri\u00e0 del Bes\u00f2s: 93 326 89 01<br>\u2981&nbsp;&nbsp; &nbsp;Santa Coloma de Gramenet: 93 462 86 00<br><br>A m\u00e9s, com cada any, es podr\u00e0 contactar directament amb el centre d\u2019atenci\u00f3 prim\u00e0ria corresponent.<\/p>\n","protected":false},"excerpt":{"rendered":"<p>Als centres d\u2019Atenci\u00f3 Prim\u00e0ria (CAP) de l\u2019Institut Catal\u00e0 de la Salut al Barcelon\u00e8s Nord ja s\u2019ha comen\u00e7at a administrar la vacuna contra la grip. Aquest any, l\u2019objectiu principal de la campanya de vacunaci\u00f3 \u00e9s arribar a persones que tenen 60 anys o m\u00e9s, persones que pateixen una malaltia cr\u00f2nica, embarassades i professionals de la salut. [&hellip;]<\/p>\n","protected":false},"author":2,"featured_media":4329,"comment_status":"open","ping_status":"open","sticky":false,"template":"","format":"standard","meta":{"footnotes":""},"categories":[134,135],"tags":[],"class_list":{"0":"post-4328","1":"post","2":"type-post","3":"status-publish","4":"format-standard","5":"has-post-thumbnail","7":"category-actualitat","8":"category-societat"},"_links":{"self":[{"href":"https:\/\/www.areabesos.com\/diario\/wp-json\/wp\/v2\/posts\/4328","targetHints":{"allow":["GET"]}}],"collection":[{"href":"https:\/\/www.areabesos.com\/diario\/wp-json\/wp\/v2\/posts"}],"about":[{"href":"https:\/\/www.areabesos.com\/diario\/wp-json\/wp\/v2\/types\/post"}],"author":[{"embeddable":true,"href":"https:\/\/www.areabesos.com\/diario\/wp-json\/wp\/v2\/users\/2"}],"replies":[{"embeddable":true,"href":"https:\/\/www.areabesos.com\/diario\/wp-json\/wp\/v2\/comments?post=4328"}],"version-history":[{"count":1,"href":"https:\/\/www.areabesos.com\/diario\/wp-json\/wp\/v2\/posts\/4328\/revisions"}],"predecessor-version":[{"id":4330,"href":"https:\/\/www.areabesos.com\/diario\/wp-json\/wp\/v2\/posts\/4328\/revisions\/4330"}],"wp:featuredmedia":[{"embeddable":true,"href":"https:\/\/www.areabesos.com\/diario\/wp-json\/wp\/v2\/media\/4329"}],"wp:attachment":[{"href":"https:\/\/www.areabesos.com\/diario\/wp-json\/wp\/v2\/media?parent=4328"}],"wp:term":[{"taxonomy":"category","embeddable":true,"href":"https:\/\/www.areabesos.com\/diario\/wp-json\/wp\/v2\/categories?post=4328"},{"taxonomy":"post_tag","embeddable":true,"href":"https:\/\/www.areabesos.com\/diario\/wp-json\/wp\/v2\/tags?post=4328"}],"curies":[{"name":"wp","href":"https:\/\/api.w.org\/{rel}","templated":true}]}}