{"id":4326,"date":"2021-10-25T13:12:08","date_gmt":"2021-10-25T11:12:08","guid":{"rendered":"http:\/\/www.areabesos.com\/diario\/?p=4326"},"modified":"2021-10-25T13:12:09","modified_gmt":"2021-10-25T11:12:09","slug":"torna-el-cicle-de-concerts-de-tardor-a-sant-adria-a-carrec-de-lorquestra-de-cambra-amics-dels-classics","status":"publish","type":"post","link":"https:\/\/www.areabesos.com\/diario\/torna-el-cicle-de-concerts-de-tardor-a-sant-adria-a-carrec-de-lorquestra-de-cambra-amics-dels-classics\/","title":{"rendered":"Torna el cicle de concerts de tardor a Sant Adri\u00e0 a c\u00e0rrec de l\u2019Orquestra de Cambra Amics dels Cl\u00e0ssics"},"content":{"rendered":"\n<p>Despr\u00e9s de passar molts mesos sense concerts did\u00e0ctics, per causa de la pand\u00e8mica, aquesta tardor els recuperarem.<br>L\u2019Orquestra de Cambra \u201cAmics dels Cl\u00e0ssics\u201d i el seu director Joan Palet i Dalmases, han preparat quatre concerts amb arguments i dedicat\u00f2ries diferents.<br>En el primer, el dijous, 4 de novembre, sentirem obres escrites per compositors que visqueren entre els segles XV al XXI. Unes les sentirem tal com foren escrites, unes altres en versions m\u00e9s atrevides harm\u00f2nicament. Hi haur\u00e0 sorpresa final.<br>En el segon celebrarem el 200 aniversari del naixement de la senyora Florence Nightingale. Amenitzat amb obres de compositors que varen coincidir alguns anys de la seva vida amb la gran infermera que va revolucionar, modernitzar i \u201cinventar\u201d la infermeria moderna. Ho gaudirem el dijous, 18 de novembre.<br>La lluita contra la viol\u00e8ncia de g\u00e8nere apareixer\u00e0 un any m\u00e9s, amb tot un programa d\u2019obres escrites per dones compositores. Obres de Maria Caccini, Anna Mozart, la Contesa de la Rochefoucauld i d\u2019altres. Totes elles, de diferents \u00e8poques i estils de m\u00fasica, des de la m\u00e9s cl\u00e0ssica a la m\u00e9s fr\u00edvola, segons la \u00e8poca en que varen ser escrites. Aix\u00f2 ho sentirem el dia 25 de novembre, Dia Internacional contra la Viol\u00e8ncia de G\u00e8nere.<br>El 2 de novembre podrem sentir un recital de violoncel i piano a c\u00e0rrec de dos mestres en els seus instruments. Manel Barea i Joan Palet ens oferiran un variat programa de m\u00fasiques i can\u00e7ons \u201cd\u2019ahir, d\u2019avui i de sembre\u201d, que ens faran passar un bon vespre.<br>Tots quatre concerts seran a l\u2019Ateneu Adrianenc, al carrer Andreu Vidal, 7, puntualment a les 20.30 hores.<br>No ens ho podem perdre. Ah! I com diu el senyor Jordi Bast\u00e9 a RAC 1, entrada lliure, \u201cel primer que arriba, el primer que seu\u201d.<br>L\u2019orquestra i el seu director estan oberts a rebre propostes d\u2019arguments de concerts per commemorar efem\u00e8rides a la Hist\u00f2ria de la M\u00fasica, del m\u00f3n, de Sant Adri\u00e0, de personalitats,\u2026<\/p>\n\n\n\n<p><span style=\"background-color:#011017\" class=\"td_text_highlight_marker\">Orquestra Amics dels Cl\u00e0ssics<\/span><\/p>\n","protected":false},"excerpt":{"rendered":"<p>Despr\u00e9s de passar molts mesos sense concerts did\u00e0ctics, per causa de la pand\u00e8mica, aquesta tardor els recuperarem.L\u2019Orquestra de Cambra \u201cAmics dels Cl\u00e0ssics\u201d i el seu director Joan Palet i Dalmases, han preparat quatre concerts amb arguments i dedicat\u00f2ries diferents.En el primer, el dijous, 4 de novembre, sentirem obres escrites per compositors que visqueren entre els [&hellip;]<\/p>\n","protected":false},"author":2,"featured_media":3420,"comment_status":"open","ping_status":"open","sticky":false,"template":"","format":"standard","meta":{"footnotes":""},"categories":[136],"tags":[],"class_list":{"0":"post-4326","1":"post","2":"type-post","3":"status-publish","4":"format-standard","5":"has-post-thumbnail","7":"category-cultura"},"_links":{"self":[{"href":"https:\/\/www.areabesos.com\/diario\/wp-json\/wp\/v2\/posts\/4326","targetHints":{"allow":["GET"]}}],"collection":[{"href":"https:\/\/www.areabesos.com\/diario\/wp-json\/wp\/v2\/posts"}],"about":[{"href":"https:\/\/www.areabesos.com\/diario\/wp-json\/wp\/v2\/types\/post"}],"author":[{"embeddable":true,"href":"https:\/\/www.areabesos.com\/diario\/wp-json\/wp\/v2\/users\/2"}],"replies":[{"embeddable":true,"href":"https:\/\/www.areabesos.com\/diario\/wp-json\/wp\/v2\/comments?post=4326"}],"version-history":[{"count":1,"href":"https:\/\/www.areabesos.com\/diario\/wp-json\/wp\/v2\/posts\/4326\/revisions"}],"predecessor-version":[{"id":4327,"href":"https:\/\/www.areabesos.com\/diario\/wp-json\/wp\/v2\/posts\/4326\/revisions\/4327"}],"wp:featuredmedia":[{"embeddable":true,"href":"https:\/\/www.areabesos.com\/diario\/wp-json\/wp\/v2\/media\/3420"}],"wp:attachment":[{"href":"https:\/\/www.areabesos.com\/diario\/wp-json\/wp\/v2\/media?parent=4326"}],"wp:term":[{"taxonomy":"category","embeddable":true,"href":"https:\/\/www.areabesos.com\/diario\/wp-json\/wp\/v2\/categories?post=4326"},{"taxonomy":"post_tag","embeddable":true,"href":"https:\/\/www.areabesos.com\/diario\/wp-json\/wp\/v2\/tags?post=4326"}],"curies":[{"name":"wp","href":"https:\/\/api.w.org\/{rel}","templated":true}]}}