{"id":4323,"date":"2021-10-25T11:11:52","date_gmt":"2021-10-25T09:11:52","guid":{"rendered":"http:\/\/www.areabesos.com\/diario\/?p=4323"},"modified":"2021-10-25T11:11:53","modified_gmt":"2021-10-25T09:11:53","slug":"endesa-col%c2%b7labora-amb-lajuntament-en-la-nova-linia-dajuts-economics-per-a-persones-autonomes-i-petites-empreses","status":"publish","type":"post","link":"https:\/\/www.areabesos.com\/diario\/endesa-col%c2%b7labora-amb-lajuntament-en-la-nova-linia-dajuts-economics-per-a-persones-autonomes-i-petites-empreses\/","title":{"rendered":"Endesa col\u00b7labora amb l\u2019Ajuntament en la nova l\u00ednia d\u2019ajuts econ\u00f2mics per a persones aut\u00f2nomes i petites empreses"},"content":{"rendered":"\n<p>L\u2019Ajuntament de Sant Adri\u00e0 ha aprovat la segona convocat\u00f2ria de la l\u00ednia de subvenci\u00f3 d\u2019Endesa adre\u00e7ada a persones treballadores aut\u00f2nomes i petites i microempreses (fins a 49 treballadors) afectades per la crisi econ\u00f2mica de la Covid-19, per tal d\u2019ajudar-los a mantenir l\u2019activitat econ\u00f2mica.<\/p>\n\n\n\n<p>Endesa, en el marc del Pla de Responsabilitat P\u00fablica, dona a l\u2019Ajuntament 150.000 \u20ac amb l\u2019objectiu de compensar les p\u00e8rdues econ\u00f2miques que aquests col\u00b7lectius van patir a conseq\u00fc\u00e8ncia del tancament obligatori durant l\u2019estat d\u2019alarma de l\u2019any 2020. Aquesta iniciativa se suma a la que es va posar en marxa el passat mes de desembre, una primera l\u00ednia de subvenci\u00f3 finan\u00e7ada per Endesa i tamb\u00e9 dotada de 150.000 euros, de la qual se\u2019n van poder beneficiar un total de 69 empreses.<\/p>\n\n\n\n<p>Els ajuts (amb un l\u00edmit de 4.000 \u20ac per persona beneficiaria i empresa) cobreixen despeses salarials i de seguretat social; serveis de cura de les persones dependents a c\u00e0rrec de la persona aut\u00f2noma; implantaci\u00f3 de mesures de seguretat, protecci\u00f3 i salut en l\u2019empresa vinculades a la Covid-19; subministrament de serveis b\u00e0sics, comunicacions, lloguers i assegurances en l\u2019\u00e0mbit professional; inversi\u00f3 en tecnologia necess\u00e0ria per a la incorporaci\u00f3 del teletreball a l\u2019empresa i formaci\u00f3 en l&#8217;\u00e0mbit professional.<\/p>\n\n\n\n<p>El termini per sol\u00b7licitar els ajuts comen\u00e7a el <strong>dilluns 25 d\u2019octubre fins al 30 de novembre de 2021<\/strong><\/p>\n\n\n\n<p><strong>M\u00e9s informaci\u00f3 <\/strong><a href=\"http:\/\/www.sant-adria.net\/sant-adria-per-temes\/promocio-economica\/noticies\/2021\/l2019ajuntament-amb-el-suport-economic-d2019endesa-obre-una-segona-convocatoria-de-la-linia-d2019ajuts-per-al-manteniment-i-la-continuitat-de-l2019activitat-economica-del-municipi-de-sant-adria-de-besos-atesa-la-pandemia-de-la-covid-19\"><strong>en aquest enlla\u00e7.<\/strong><\/a><\/p>\n","protected":false},"excerpt":{"rendered":"<p>L\u2019Ajuntament de Sant Adri\u00e0 ha aprovat la segona convocat\u00f2ria de la l\u00ednia de subvenci\u00f3 d\u2019Endesa adre\u00e7ada a persones treballadores aut\u00f2nomes i petites i microempreses (fins a 49 treballadors) afectades per la crisi econ\u00f2mica de la Covid-19, per tal d\u2019ajudar-los a mantenir l\u2019activitat econ\u00f2mica. Endesa, en el marc del Pla de Responsabilitat P\u00fablica, dona a l\u2019Ajuntament [&hellip;]<\/p>\n","protected":false},"author":2,"featured_media":4324,"comment_status":"open","ping_status":"open","sticky":false,"template":"","format":"standard","meta":{"footnotes":""},"categories":[134,135],"tags":[],"class_list":{"0":"post-4323","1":"post","2":"type-post","3":"status-publish","4":"format-standard","5":"has-post-thumbnail","7":"category-actualitat","8":"category-societat"},"_links":{"self":[{"href":"https:\/\/www.areabesos.com\/diario\/wp-json\/wp\/v2\/posts\/4323","targetHints":{"allow":["GET"]}}],"collection":[{"href":"https:\/\/www.areabesos.com\/diario\/wp-json\/wp\/v2\/posts"}],"about":[{"href":"https:\/\/www.areabesos.com\/diario\/wp-json\/wp\/v2\/types\/post"}],"author":[{"embeddable":true,"href":"https:\/\/www.areabesos.com\/diario\/wp-json\/wp\/v2\/users\/2"}],"replies":[{"embeddable":true,"href":"https:\/\/www.areabesos.com\/diario\/wp-json\/wp\/v2\/comments?post=4323"}],"version-history":[{"count":1,"href":"https:\/\/www.areabesos.com\/diario\/wp-json\/wp\/v2\/posts\/4323\/revisions"}],"predecessor-version":[{"id":4325,"href":"https:\/\/www.areabesos.com\/diario\/wp-json\/wp\/v2\/posts\/4323\/revisions\/4325"}],"wp:featuredmedia":[{"embeddable":true,"href":"https:\/\/www.areabesos.com\/diario\/wp-json\/wp\/v2\/media\/4324"}],"wp:attachment":[{"href":"https:\/\/www.areabesos.com\/diario\/wp-json\/wp\/v2\/media?parent=4323"}],"wp:term":[{"taxonomy":"category","embeddable":true,"href":"https:\/\/www.areabesos.com\/diario\/wp-json\/wp\/v2\/categories?post=4323"},{"taxonomy":"post_tag","embeddable":true,"href":"https:\/\/www.areabesos.com\/diario\/wp-json\/wp\/v2\/tags?post=4323"}],"curies":[{"name":"wp","href":"https:\/\/api.w.org\/{rel}","templated":true}]}}