{"id":4315,"date":"2021-10-22T10:47:05","date_gmt":"2021-10-22T08:47:05","guid":{"rendered":"http:\/\/www.areabesos.com\/diario\/?p=4315"},"modified":"2021-10-22T10:47:06","modified_gmt":"2021-10-22T08:47:06","slug":"sant-adria-participa-en-la-4a-edicio-de-laccio-platges-met-de-lamb","status":"publish","type":"post","link":"https:\/\/www.areabesos.com\/diario\/sant-adria-participa-en-la-4a-edicio-de-laccio-platges-met-de-lamb\/","title":{"rendered":"Sant Adri\u00e0 participa en la 4a edici\u00f3 de l\u2019Acci\u00f3 Platges Met de l\u2019AMB"},"content":{"rendered":"\n<p>El proper <strong>diumenge 24 d\u2019octubre<\/strong> es portar\u00e0 a terme la <strong>4a edici\u00f3 de l\u2019Acci\u00f3 Platges Met<\/strong>, una <strong>jornada de sensibilitzaci\u00f3 ambiental conjunta<\/strong>,que tindr\u00e0 lloc als vuit municipis del litoral metropolit\u00e0. Un dels principals objectius \u00e9s <strong>donar a con\u00e8ixer les platges i ensenyar com protegir-les i defensarles<\/strong> davant dels diferents reptes que en condicionen la gesti\u00f3 di\u00e0ria i la preservaci\u00f3, com ara el <strong>canvi clim\u00e0tic o la regressi\u00f3 del litoral<\/strong>.<\/p>\n\n\n\n<p>L\u2019<strong>Acci\u00f3 Platges Met<\/strong> s\u2019emmarca en el <strong>15\u00e8 cicle d\u2019activitats als parcs, platges i rius metropolitans <\/strong>i est\u00e0 <strong>organitzada per l\u2019AMB<\/strong>, el Museu de Ci\u00e8ncies Naturals de Barcelona i els ajuntaments dels vuit municipis metropolitans del litoral, entre ells&nbsp; Sant Adri\u00e0 de Bes\u00f2s.<\/p>\n\n\n\n<p>Aquesta jornada l\u00fadica t\u00e9 <strong>quatre objectius principals<\/strong>:<\/p>\n\n\n\n<ul class=\"wp-block-list\"><li>Conscienciar la poblaci\u00f3 sobre els <strong>reptes i els problemes del litoral<\/strong><\/li><li>Contribuir a <strong>l\u2019augment del civisme <\/strong>per part dels usuaris metropolitans<\/li><li><strong>Canviar la percepci\u00f3 social sobre les platges<\/strong>, perqu\u00e8 es concebin com a espais naturals i ecosistemes amb funcions socioambientals importants en el nostre territori<\/li><li><strong>Descobrir la import\u00e0ncia<\/strong> de la biodiversitat en aquests espais<\/li><\/ul>\n\n\n\n<p>Les activitats, que es faran de manera simult\u00e0nia, estan destinades a p\u00fablics de totes les edats, des de fam\u00edlies fins a qualsevol persona interessada per temes ambientals. Les <strong>actuacions participatives<\/strong> estan relacionades amb la compet\u00e8ncia de l\u2019AMB sobre la <strong>gesti\u00f3 integral de les platges<\/strong>:<\/p>\n\n\n\n<ul class=\"wp-block-list\"><li><strong>Plantacions a les dunes: Castelldefels, Sant Adri\u00e0 de Bes\u00f2s i Gav\u00e0<\/strong> acolliran la plantaci\u00f3 de borrons i altres plantes aut\u00f2ctones dels sistemes dunars. Es tracta <strong>d\u2019esp\u00e8cies vegetals que potencien la formaci\u00f3 d\u2019aquests ecosistemes naturals<\/strong>, ja que actuen com a barrera davant dels temporals i l\u2019erosi\u00f3 de la costa.<\/li><\/ul>\n\n\n\n<ul class=\"wp-block-list\"><li><strong>Detecci\u00f3 de micropl\u00e0stics: <\/strong>t\u00e8cniques de ci\u00e8ncia ciutadana que ensenyaran a <strong>localitzar aquests elements<\/strong> amb instruments com <strong>sedassos i filtres<\/strong>.<\/li><\/ul>\n\n\n\n<ul class=\"wp-block-list\"><li><strong>Observaci\u00f3 de la biodiversitat: <\/strong>censos de flora i fauna a les platges de Montgati<strong> del Prat de Llobregat<\/strong>.<\/li><\/ul>\n\n\n\n<p>L\u2019AMB anima els participants a fer servir les xarxes socials amb els <em>hashtags<\/em>: <strong>#DefensemPlatgesAMB, #AccioPlatgesMet, #PlatgesMetropolitanes i #PlatgesAMB.<\/strong><\/p>\n\n\n\n<p>Per participar a les activitats, \u00e9s <strong>imprescindible inscriure-s\u2019hi pr\u00e8viament<\/strong>, tret de les que s\u2019emmarquen a <strong>les Jugatecambientals de Gav\u00e0, Montgat, Castelldefels i Sant Adri\u00e0 de Bes\u00f2s<\/strong>.<\/p>\n\n\n\n<p>\u00a0<a href=\"http:\/\/www.amb.cat\/web\/territori\/agenda\/detall\/-\/activitat\/accio-platges-met\/11738277\/11656\"><strong>Informaci\u00f3 i inscripcions<\/strong><\/a><\/p>\n","protected":false},"excerpt":{"rendered":"<p>El proper diumenge 24 d\u2019octubre es portar\u00e0 a terme la 4a edici\u00f3 de l\u2019Acci\u00f3 Platges Met, una jornada de sensibilitzaci\u00f3 ambiental conjunta,que tindr\u00e0 lloc als vuit municipis del litoral metropolit\u00e0. Un dels principals objectius \u00e9s donar a con\u00e8ixer les platges i ensenyar com protegir-les i defensarles davant dels diferents reptes que en condicionen la gesti\u00f3 [&hellip;]<\/p>\n","protected":false},"author":2,"featured_media":4316,"comment_status":"open","ping_status":"open","sticky":false,"template":"","format":"standard","meta":{"footnotes":""},"categories":[134,135],"tags":[],"class_list":{"0":"post-4315","1":"post","2":"type-post","3":"status-publish","4":"format-standard","5":"has-post-thumbnail","7":"category-actualitat","8":"category-societat"},"_links":{"self":[{"href":"https:\/\/www.areabesos.com\/diario\/wp-json\/wp\/v2\/posts\/4315","targetHints":{"allow":["GET"]}}],"collection":[{"href":"https:\/\/www.areabesos.com\/diario\/wp-json\/wp\/v2\/posts"}],"about":[{"href":"https:\/\/www.areabesos.com\/diario\/wp-json\/wp\/v2\/types\/post"}],"author":[{"embeddable":true,"href":"https:\/\/www.areabesos.com\/diario\/wp-json\/wp\/v2\/users\/2"}],"replies":[{"embeddable":true,"href":"https:\/\/www.areabesos.com\/diario\/wp-json\/wp\/v2\/comments?post=4315"}],"version-history":[{"count":1,"href":"https:\/\/www.areabesos.com\/diario\/wp-json\/wp\/v2\/posts\/4315\/revisions"}],"predecessor-version":[{"id":4317,"href":"https:\/\/www.areabesos.com\/diario\/wp-json\/wp\/v2\/posts\/4315\/revisions\/4317"}],"wp:featuredmedia":[{"embeddable":true,"href":"https:\/\/www.areabesos.com\/diario\/wp-json\/wp\/v2\/media\/4316"}],"wp:attachment":[{"href":"https:\/\/www.areabesos.com\/diario\/wp-json\/wp\/v2\/media?parent=4315"}],"wp:term":[{"taxonomy":"category","embeddable":true,"href":"https:\/\/www.areabesos.com\/diario\/wp-json\/wp\/v2\/categories?post=4315"},{"taxonomy":"post_tag","embeddable":true,"href":"https:\/\/www.areabesos.com\/diario\/wp-json\/wp\/v2\/tags?post=4315"}],"curies":[{"name":"wp","href":"https:\/\/api.w.org\/{rel}","templated":true}]}}