{"id":4310,"date":"2021-10-20T13:50:53","date_gmt":"2021-10-20T11:50:53","guid":{"rendered":"http:\/\/www.areabesos.com\/diario\/?p=4310"},"modified":"2021-10-20T13:56:12","modified_gmt":"2021-10-20T11:56:12","slug":"ikea-formacio-i-treball-i-caritas-valls-suneixen-per-crear-verdaderos-hogares-per-a-col%c2%b7lectius-vulnerables-a-catalunya","status":"publish","type":"post","link":"https:\/\/www.areabesos.com\/diario\/ikea-formacio-i-treball-i-caritas-valls-suneixen-per-crear-verdaderos-hogares-per-a-col%c2%b7lectius-vulnerables-a-catalunya\/","title":{"rendered":"IKEA, Formaci\u00f3 i Treball i C\u00e1ritas Valls s\u2019uneixen per crear verdaderos hogares per a col\u00b7lectius vulnerables a Catalunya"},"content":{"rendered":"\n<p>Formaci\u00f3 i Treball, C\u00e1ritas Valls i IKEA han arribat a un acord que permetr\u00e0 redissenyar, habilitar i moblar llars de col\u00b7lectius vulnerables, amb especial atenci\u00f3 a la inf\u00e0ncia i a les fam\u00edlies, a persones grans, a dones i col\u00b7lectius LGTBIQ+ derivats per Serveis Socials. La donaci\u00f3, valorada en m\u00e9s de 100.000 euros, s\u2019impulsar\u00e0 des de les botigues IKEA de Catalunya i el magatzem de distribuci\u00f3 IKEA Valls per donar resposta a demandes especialment dirigides a productes vinculats amb espais de dormitori i menjador.<br>A m\u00e9s, els especialistes en la vida a la llar d\u2019IKEA contribuiran amb la seva feina a redissenyar els espais per convertir-los en llars de deb\u00f2 per a aquests col\u00b7lectius en risc d\u2019exclusi\u00f3.<br>Aquesta col\u00b7laboraci\u00f3 s\u2019emmarca dins de la iniciativa \u201cVerdaderos Hogares\u201d que est\u00e0 portant a terme IKEA a Espanya sota el prop\u00f2sit \u201ctots mereixem una llar de deb\u00f2\u201d, des del qual la companyia treballa per fomentar la igualtat d\u2019oportunitats creant espais i llars transformadores que ajuden a les persones en risc d\u2019exclusi\u00f3 social a cr\u00e9ixer i tenir noves oportunitats a les seves vides.<\/p>\n\n\n\n<figure class=\"wp-block-image size-large\"><img loading=\"lazy\" decoding=\"async\" width=\"1024\" height=\"524\" src=\"https:\/\/www.areabesos.com\/diario\/wp-content\/uploads\/2021\/10\/Verdaderos_Hogares-4-1024x524.jpg\" alt=\"\" class=\"wp-image-4311\" srcset=\"https:\/\/www.areabesos.com\/diario\/wp-content\/uploads\/2021\/10\/Verdaderos_Hogares-4-1024x524.jpg 1024w, https:\/\/www.areabesos.com\/diario\/wp-content\/uploads\/2021\/10\/Verdaderos_Hogares-4-300x154.jpg 300w, https:\/\/www.areabesos.com\/diario\/wp-content\/uploads\/2021\/10\/Verdaderos_Hogares-4-768x393.jpg 768w, https:\/\/www.areabesos.com\/diario\/wp-content\/uploads\/2021\/10\/Verdaderos_Hogares-4-150x77.jpg 150w, https:\/\/www.areabesos.com\/diario\/wp-content\/uploads\/2021\/10\/Verdaderos_Hogares-4-696x356.jpg 696w, https:\/\/www.areabesos.com\/diario\/wp-content\/uploads\/2021\/10\/Verdaderos_Hogares-4-1068x546.jpg 1068w, https:\/\/www.areabesos.com\/diario\/wp-content\/uploads\/2021\/10\/Verdaderos_Hogares-4.jpg 1200w\" sizes=\"auto, (max-width: 1024px) 100vw, 1024px\" \/><\/figure>\n\n\n\n<p><br>\u201cA IKEA som conscients del fort impacte que est\u00e0 tenint la pand\u00e8mia en aquells col\u00b7lectius m\u00e9s vulnerables de la nostra societat i que est\u00e0 agreujant la seva situaci\u00f3, que ja era complicada. Per aix\u00f2, des del nostre prop\u00f2sit com a companyia, estem treballant per ajudar a fer realitat el dret de tots a tenir una llar de deb\u00f2\u201d, explica en Valerio Valenti, cap d\u2019\u00e0rea del Mercat d\u2019IKEA a Catalunya.<br>El valor afegit d\u2019aquest projecte, a m\u00e9s del d\u2019aportar b\u00e9ns de primera necessitat a col\u00b7lectius vulnerables, \u00e9s que permet a la Fundaci\u00f3 crear i mantenir llocs de treball per a persones en risc d\u2019exclusi\u00f3 social en tota la cadena implicada, des de l\u2019atenci\u00f3 a la Botiga Amiga F\u00f2rum fins a la log\u00edstica i la gesti\u00f3 administrativa del projecte. En aquest sentit, el projecte \u201cVerdaderos Hogares\u201d permet tancar un cercle on, d\u2019una banda es reflecteix com persones que fan un itinerari sociolaboral s\u2019integren a la societat, no se senten excloses i formen part d\u2019un tot (portant a terme una feina que ajuda altres persones i que suposa un b\u00e9 com\u00fa), i de l\u2019altra les persones i fam\u00edlies beneficiaries coneixen una realitat on hi ha possibilitat de sortir d\u2019aquesta situaci\u00f3 d\u2019alta vulnerabilitat a trav\u00e9s de la feina.<\/p>\n\n\n\n<p> <\/p>\n","protected":false},"excerpt":{"rendered":"<p>Formaci\u00f3 i Treball, C\u00e1ritas Valls i IKEA han arribat a un acord que permetr\u00e0 redissenyar, habilitar i moblar llars de col\u00b7lectius vulnerables, amb especial atenci\u00f3 a la inf\u00e0ncia i a les fam\u00edlies, a persones grans, a dones i col\u00b7lectius LGTBIQ+ derivats per Serveis Socials. La donaci\u00f3, valorada en m\u00e9s de 100.000 euros, s\u2019impulsar\u00e0 des de [&hellip;]<\/p>\n","protected":false},"author":2,"featured_media":4312,"comment_status":"open","ping_status":"open","sticky":false,"template":"","format":"standard","meta":{"footnotes":""},"categories":[134],"tags":[],"class_list":{"0":"post-4310","1":"post","2":"type-post","3":"status-publish","4":"format-standard","5":"has-post-thumbnail","7":"category-actualitat"},"_links":{"self":[{"href":"https:\/\/www.areabesos.com\/diario\/wp-json\/wp\/v2\/posts\/4310","targetHints":{"allow":["GET"]}}],"collection":[{"href":"https:\/\/www.areabesos.com\/diario\/wp-json\/wp\/v2\/posts"}],"about":[{"href":"https:\/\/www.areabesos.com\/diario\/wp-json\/wp\/v2\/types\/post"}],"author":[{"embeddable":true,"href":"https:\/\/www.areabesos.com\/diario\/wp-json\/wp\/v2\/users\/2"}],"replies":[{"embeddable":true,"href":"https:\/\/www.areabesos.com\/diario\/wp-json\/wp\/v2\/comments?post=4310"}],"version-history":[{"count":2,"href":"https:\/\/www.areabesos.com\/diario\/wp-json\/wp\/v2\/posts\/4310\/revisions"}],"predecessor-version":[{"id":4314,"href":"https:\/\/www.areabesos.com\/diario\/wp-json\/wp\/v2\/posts\/4310\/revisions\/4314"}],"wp:featuredmedia":[{"embeddable":true,"href":"https:\/\/www.areabesos.com\/diario\/wp-json\/wp\/v2\/media\/4312"}],"wp:attachment":[{"href":"https:\/\/www.areabesos.com\/diario\/wp-json\/wp\/v2\/media?parent=4310"}],"wp:term":[{"taxonomy":"category","embeddable":true,"href":"https:\/\/www.areabesos.com\/diario\/wp-json\/wp\/v2\/categories?post=4310"},{"taxonomy":"post_tag","embeddable":true,"href":"https:\/\/www.areabesos.com\/diario\/wp-json\/wp\/v2\/tags?post=4310"}],"curies":[{"name":"wp","href":"https:\/\/api.w.org\/{rel}","templated":true}]}}