{"id":4284,"date":"2021-10-12T12:36:00","date_gmt":"2021-10-12T10:36:00","guid":{"rendered":"http:\/\/www.areabesos.com\/diario\/?p=4284"},"modified":"2021-10-13T12:37:35","modified_gmt":"2021-10-13T10:37:35","slug":"extranos-devenires-de-la-palabra-libertad-en-espana","status":"publish","type":"post","link":"https:\/\/www.areabesos.com\/diario\/extranos-devenires-de-la-palabra-libertad-en-espana\/","title":{"rendered":"Extra\u00f1os devenires de la palabra \u201clibertad\u201d en Espa\u00f1a"},"content":{"rendered":"\n<p>Esta reflexi\u00f3n arranca en los a\u00f1os 70 del siglo pasado pues cualquier parecido a las libertades pol\u00edticas entre 1939 y las generales de 1977 habr\u00eda sido pura coincidencia. Siempre que estemos de acuerdo en que esas libertades, las que aparecen en la Constituci\u00f3n, son las \u00fanicas que diferencian a las democracias sin apellidos de las dictaduras.<\/p>\n\n\n\n<p>Por tanto, no hablo de la libertad privada de \u201ctomar unas ca\u00f1as\u201d, pues esto no va de chistes, aunque \u201cgraciosas\u201d como Ayuso consigan muchos votos de los mismos electores de quienes se r\u00eden.<\/p>\n\n\n\n<p>Y he preferido \u201clibertad\u201d en lugar de \u201cdemocracia\u201d, pues a tergiversar este concepto se atreven incluso los gobiernos m\u00e1s tiranos si las circunstancias les obligan. Por ejemplo, cuando desde mediados de los 60 decidieron llamar \u201cdemocracia org\u00e1nica\u201d a lo que segu\u00eda siendo la dictadura franquista.<\/p>\n\n\n\n<p>En cambio, para confundir sobre \u201clibertad\u201d lo que hicieron fue colocar \u201clibre\u201d despu\u00e9s de \u201cuna\u201d y \u201cgrande\u201d, pero ni a los criminales que gobernaban ni a las m\u00e1s ingenuas de sus v\u00edctimas, que fueron millones, se les ocurri\u00f3 pensar que aquel \u201clibre\u201d tuviera algo que ver con el significado de \u201clibertad\u201d, dijera lo que dijera una RAE a la orden, como todo el mundo.<\/p>\n\n\n\n<p>Estoy escribiendo esto porque el franquismo divulgaba con tanta insistencia aquella \u201cdemocracia org\u00e1nica\u201d, junto con lo de los \u201c25 a\u00f1os de paz\u201d (\u201cpaz de los cementerios\u201d se dec\u00eda), que su recuerdo me ha venido tras ver las muchas pancartas que en la convenci\u00f3n del PP reclamaban \u201clibertad\u201d mientras los l\u00edderes de ese partido aplaud\u00edan como posesos al famoso que dijo que \u201clo importante de unas elecciones no es que haya libertad, sino votar bien\u201d, y ya sabe usted que me estoy refiriendo al ex pol\u00edtico que, tras fracasar en persona contra Fujimori (Alberto) en las presidenciales de 1990 en Per\u00fa, ha vuelto a fracasar en 2021, aunque esta vez solo se arriesgaba pidiendo el voto para Fujimori (Keiko).<\/p>\n\n\n\n<p>Es probable que un Nobel de Literatura tan derrotado en pol\u00edtica sienta un impulso irresistible por decir lo que piensa, sobre todo si duele a los dem\u00e1s.<\/p>\n\n\n\n<p>Regresando al periodo que transcurri\u00f3 desde el franquismo hasta la consolidaci\u00f3n de la monarqu\u00eda tras el autogolpe de Estado del 23F de 1981 que no necesit\u00f3 muertes para conseguir su objetivo principal, hubo en los a\u00f1os 70 dos canciones que marcaron aquella \u00e9poca, incluyendo ambas la palabra \u201clibertad\u201d en sus t\u00edtulos, aunque representaran ideales bien distintos.<\/p>\n\n\n\n<p>Jos\u00e9 Antonio Labordeta comenzaba, so\u00f1ador, su \u201cCanto a la libertad\u201d diciendo que \u201cHabr\u00e1 un d\u00eda en que todos, al levantar la vista, veremos una tierra que ponga libertad\u201d.<\/p>\n\n\n\n<p>Despu\u00e9s, consciente de la importancia decisiva de la memoria, nos dej\u00f3 dicho tambi\u00e9n que \u201cHaremos el camino, en un mismo trazado, uniendo nuestros hombros, para as\u00ed levantar, a aquellos que cayeron gritando libertad\u201d.<\/p>\n\n\n\n<p>En cambio, la \u201cLibertad sin ira\u201d de Jarcha empezaba as\u00ed: \u201cDicen los viejos que en este pa\u00eds hubo una guerra, que hay dos Espa\u00f1as que guardan a\u00fan el rencor de viejas deudas\u201d.<\/p>\n\n\n\n<p>De esta forma, y adem\u00e1s del poco respeto por Antonio Machado, se refer\u00edan al pasado reciente en modo duda, cosa que se adaptaba como un guante para el punto y aparte que muchos buscaban. Entre otros, los cientos de miles que hab\u00edan colaborado con la dictadura, pero tambi\u00e9n los antifranquistas que hu\u00edan del fracaso que supuso que aquel asesino muriera en la cama.<\/p>\n\n\n\n<p>Por otra parte, y frente al valor del esfuerzo colectivo que destaca Labordeta para conquistar la libertad (\u201cuniendo nuestros hombros\u201d), los de Jarcha destacan que \u201cen este pa\u00eds han visto gente que solo desea su pan, su hembra y la fiesta en paz\u201d, o que \u201csolo he visto gente muy obediente, hasta en la cama. Gente que tan solo pide vivir su vida, sin m\u00e1s mentiras y en paz\u201d.<\/p>\n\n\n\n<p>Si somos capaces de librarnos por un instante de las marcas que ha dejado en nuestro ADN esta tragedia colectiva llamada Espa\u00f1a y nos ponemos a leer, sin m\u00fasica que nos confunda, el texto de \u201cLibertad sin ira\u201d, solo podemos imaginar a millones de espa\u00f1oles de entonces arrodillados y rogando, al mismo jefe del Estado que hab\u00eda nombrado el dictador, que les concediera la libertad a cambio de dedicarse exclusivamente a su vida privada.<\/p>\n\n\n\n<p>D\u00e9cadas despu\u00e9s, ha tenido que ser una pandemia, provocadora de confinamientos masivos y a la desesperada en todo el mundo, el fen\u00f3meno que ha dado paso a una nueva etapa de confusi\u00f3n en Espa\u00f1a sobre el concepto de libertad, hasta el punto de que, cada vez que los l\u00edderes del PP la mencionan, recuerdan a muchos aquella \u201cdefensa\u201d de la Rep\u00fablica que los golpistas del 18 de julio repet\u00edan para intentar enga\u00f1ar a quienes no pod\u00edan creer que existiera tanta maldad.&nbsp; &nbsp; &nbsp;<\/p>\n\n\n\n<p>Tal como est\u00e1n las cosas en 2021, todo hace pensar que el Labordeta m\u00e1s realista de 1975, pero jam\u00e1s derrotado, ten\u00eda raz\u00f3n cuando decidi\u00f3 terminar su \u201cCanto a la libertad\u201d advirti\u00e9ndonos que \u201cTambi\u00e9n ser\u00e1 posible que esa hermosa ma\u00f1ana, ni t\u00fa, ni yo, ni el otro, la lleguemos a ver, pero habr\u00e1 que forzarla, para que pueda ser\u201d.<\/p>\n\n\n\n<p><span style=\"background-color:#000609\" class=\"td_text_highlight_marker\">Domingo Sanz<\/span><\/p>\n","protected":false},"excerpt":{"rendered":"<p>Esta reflexi\u00f3n arranca en los a\u00f1os 70 del siglo pasado pues cualquier parecido a las libertades pol\u00edticas entre 1939 y las generales de 1977 habr\u00eda sido pura coincidencia. Siempre que estemos de acuerdo en que esas libertades, las que aparecen en la Constituci\u00f3n, son las \u00fanicas que diferencian a las democracias sin apellidos de las [&hellip;]<\/p>\n","protected":false},"author":2,"featured_media":2515,"comment_status":"open","ping_status":"open","sticky":false,"template":"","format":"standard","meta":{"footnotes":""},"categories":[139],"tags":[],"class_list":{"0":"post-4284","1":"post","2":"type-post","3":"status-publish","4":"format-standard","5":"has-post-thumbnail","7":"category-opinio"},"_links":{"self":[{"href":"https:\/\/www.areabesos.com\/diario\/wp-json\/wp\/v2\/posts\/4284","targetHints":{"allow":["GET"]}}],"collection":[{"href":"https:\/\/www.areabesos.com\/diario\/wp-json\/wp\/v2\/posts"}],"about":[{"href":"https:\/\/www.areabesos.com\/diario\/wp-json\/wp\/v2\/types\/post"}],"author":[{"embeddable":true,"href":"https:\/\/www.areabesos.com\/diario\/wp-json\/wp\/v2\/users\/2"}],"replies":[{"embeddable":true,"href":"https:\/\/www.areabesos.com\/diario\/wp-json\/wp\/v2\/comments?post=4284"}],"version-history":[{"count":1,"href":"https:\/\/www.areabesos.com\/diario\/wp-json\/wp\/v2\/posts\/4284\/revisions"}],"predecessor-version":[{"id":4285,"href":"https:\/\/www.areabesos.com\/diario\/wp-json\/wp\/v2\/posts\/4284\/revisions\/4285"}],"wp:featuredmedia":[{"embeddable":true,"href":"https:\/\/www.areabesos.com\/diario\/wp-json\/wp\/v2\/media\/2515"}],"wp:attachment":[{"href":"https:\/\/www.areabesos.com\/diario\/wp-json\/wp\/v2\/media?parent=4284"}],"wp:term":[{"taxonomy":"category","embeddable":true,"href":"https:\/\/www.areabesos.com\/diario\/wp-json\/wp\/v2\/categories?post=4284"},{"taxonomy":"post_tag","embeddable":true,"href":"https:\/\/www.areabesos.com\/diario\/wp-json\/wp\/v2\/tags?post=4284"}],"curies":[{"name":"wp","href":"https:\/\/api.w.org\/{rel}","templated":true}]}}