{"id":4281,"date":"2021-10-08T11:09:57","date_gmt":"2021-10-08T09:09:57","guid":{"rendered":"http:\/\/www.areabesos.com\/diario\/?p=4281"},"modified":"2021-10-08T11:09:58","modified_gmt":"2021-10-08T09:09:58","slug":"xxiv-jornades-solidaries-a-sant-adria","status":"publish","type":"post","link":"https:\/\/www.areabesos.com\/diario\/xxiv-jornades-solidaries-a-sant-adria\/","title":{"rendered":"XXIV Jornades Solid\u00e0ries a Sant Adri\u00e0"},"content":{"rendered":"\n<p>De nou celebrem les Jornades Solid\u00e0ries a Sant Adri\u00e0, unes jornades marcades encara per la pand\u00e8mia que ens assoleix a nivell mundial.<\/p>\n\n\n\n<p>Us animem a participar d&#8217;aquestes jornades d&#8217;enguany, on volem tenir present a les persones que creuen el mar buscant una vida m\u00e9s digna, una vida en pau i llibertat, sense oblidar a totes aquelles que queden en pa\u00efsos ve\u00efns esperant poder tornar a casa seva.<\/p>\n\n\n\n<p>I amb tot, la Covid-19 que ens ha afectat mundialment tant als pa\u00efsos del Nord com del Sud. Per\u00f2 quina repercussi\u00f3 ha tingut al Sud Global? Com est\u00e0 actualment la situaci\u00f3?<\/p>\n\n\n\n<p><strong>PROGRAMACI\u00d3:<\/strong><\/p>\n\n\n\n<p><strong>De l\u20191 al 31 d\u2019octubre<\/strong>, es podr\u00e0 veure l\u2019exposici\u00f3 de Stop Maremortum,&nbsp;<em><strong>Rostres de la Mediterr\u00e0nia<\/strong><\/em>, al Polidor.<\/p>\n\n\n\n<p>Des de l\u2019any 2015, la Plataforma Stop Mare Mortum, han convidat artistes gr\u00e0fics d&#8217;arreu del m\u00f3n a reflexionar sobre la situaci\u00f3 que viuen les persones refugiades que intenten arribar a Europa a trav\u00e9s de la mar Mediterr\u00e0nia.&nbsp;L&#8217;objectiu d\u2019aquesta mostra \u00e9s sensibilitzar la ciutadania sobre la problem\u00e0tica que viuen les persones refugiades en la seva recerca d&#8217;asil.<\/p>\n\n\n\n<p><strong>Diumenge 24 d\u2019octubre a les 18h,&nbsp;<\/strong>Casal de Cultura de Sant Adri\u00e0 (Carrer Mare de D\u00e9u del Carme, 22)<\/p>\n\n\n\n<p>Espectacle&nbsp;teatral&nbsp;<strong><em>FADWA<\/em><\/strong>&nbsp;de Mar Casas i Clara Garc\u00e9s<em>.&nbsp;<\/em>Obra produ\u00efda per l&#8217;Associaci\u00f3 Catalana per la Pau. Una pe\u00e7a teatral sobre la via i obra de la poetessa palestina Fadwa Tuqan, inspirant-se en la seva traject\u00f2ria vital, per a explicar la situaci\u00f3 emocional del poble palest\u00ed i la riquesa cultual i de resist\u00e8ncia que existeix i persisteix ben viva en els territoris ocupats.<\/p>\n\n\n\n<p><em>Entrada gratu\u00efta. Cal fer reserva pr\u00e8via enviant un correu electr\u00f2nic a solidaritat@sant-adria.net, indicant nom, cognoms i n\u00famero de tel\u00e8fon. Obligatori l&#8217;\u00fas de la mascareta.<\/em><\/p>\n\n\n\n<p><em><\/em><strong>Dijous 28 d&#8217;octubre a les 19.15h, Sala d&#8217;actes de l&#8217;edifici Fiveller (Carrer Fiveller, 11-13)<\/strong><\/p>\n\n\n\n<p>Xerrada amb Daniel L\u00f3pez, del Grup de recerca de Biologia i Sistemes Complexos de l&#8217;UPC que fan el seguiment de les dades de la pand\u00e8mia i la situaci\u00f3 epidemiol\u00f2gica i vacunaci\u00f3 als pa\u00efsos del Sud global.<\/p>\n\n\n\n<p><strong>Dissabte 23 d\u2019octubre,&nbsp;<\/strong>de 11 a 14h a la pla\u00e7a del Mercat<\/p>\n\n\n\n<p><strong>Fira d\u2019entitats de solidaritat i cooperaci\u00f3.<\/strong><\/p>\n\n\n\n<p><em><strong>La Solidaritat surt al carrer<\/strong><\/em><\/p>\n\n\n\n<p>Els grups de solidaritat i cooperaci\u00f3 de la nostra ciutat, informaran sobre els projectes de cooperaci\u00f3 internacional que duen a terme als diferents pa\u00efsos on hi col\u00b7laboren.<\/p>\n\n\n\n<p>Amb la participaci\u00f3 de Stop Mare Mortum.<\/p>\n","protected":false},"excerpt":{"rendered":"<p>De nou celebrem les Jornades Solid\u00e0ries a Sant Adri\u00e0, unes jornades marcades encara per la pand\u00e8mia que ens assoleix a nivell mundial. Us animem a participar d&#8217;aquestes jornades d&#8217;enguany, on volem tenir present a les persones que creuen el mar buscant una vida m\u00e9s digna, una vida en pau i llibertat, sense oblidar a totes [&hellip;]<\/p>\n","protected":false},"author":2,"featured_media":4282,"comment_status":"open","ping_status":"open","sticky":false,"template":"","format":"standard","meta":{"footnotes":""},"categories":[134,135],"tags":[],"class_list":{"0":"post-4281","1":"post","2":"type-post","3":"status-publish","4":"format-standard","5":"has-post-thumbnail","7":"category-actualitat","8":"category-societat"},"_links":{"self":[{"href":"https:\/\/www.areabesos.com\/diario\/wp-json\/wp\/v2\/posts\/4281","targetHints":{"allow":["GET"]}}],"collection":[{"href":"https:\/\/www.areabesos.com\/diario\/wp-json\/wp\/v2\/posts"}],"about":[{"href":"https:\/\/www.areabesos.com\/diario\/wp-json\/wp\/v2\/types\/post"}],"author":[{"embeddable":true,"href":"https:\/\/www.areabesos.com\/diario\/wp-json\/wp\/v2\/users\/2"}],"replies":[{"embeddable":true,"href":"https:\/\/www.areabesos.com\/diario\/wp-json\/wp\/v2\/comments?post=4281"}],"version-history":[{"count":1,"href":"https:\/\/www.areabesos.com\/diario\/wp-json\/wp\/v2\/posts\/4281\/revisions"}],"predecessor-version":[{"id":4283,"href":"https:\/\/www.areabesos.com\/diario\/wp-json\/wp\/v2\/posts\/4281\/revisions\/4283"}],"wp:featuredmedia":[{"embeddable":true,"href":"https:\/\/www.areabesos.com\/diario\/wp-json\/wp\/v2\/media\/4282"}],"wp:attachment":[{"href":"https:\/\/www.areabesos.com\/diario\/wp-json\/wp\/v2\/media?parent=4281"}],"wp:term":[{"taxonomy":"category","embeddable":true,"href":"https:\/\/www.areabesos.com\/diario\/wp-json\/wp\/v2\/categories?post=4281"},{"taxonomy":"post_tag","embeddable":true,"href":"https:\/\/www.areabesos.com\/diario\/wp-json\/wp\/v2\/tags?post=4281"}],"curies":[{"name":"wp","href":"https:\/\/api.w.org\/{rel}","templated":true}]}}