{"id":3584,"date":"2021-10-05T11:40:20","date_gmt":"2021-10-05T09:40:20","guid":{"rendered":"http:\/\/www.areabesos.com\/diario\/?p=3584"},"modified":"2021-10-05T11:40:21","modified_gmt":"2021-10-05T09:40:21","slug":"sant-adria-commemora-el-dia-mundial-de-la-salut-mental","status":"publish","type":"post","link":"https:\/\/www.areabesos.com\/diario\/sant-adria-commemora-el-dia-mundial-de-la-salut-mental\/","title":{"rendered":"Sant Adri\u00e0 commemora el Dia Mundial de la Salut Mental"},"content":{"rendered":"\n<p>Per commemorar el Dia Mundial de la&nbsp;Salut&nbsp;Mental, el proper divendres 8 d&#8217;octubre, de 10 a 12h,&nbsp; la Taula de&nbsp;salut&nbsp;mental&nbsp;de l&#8217;Ajuntament de Sant Adri\u00e0 de Bes\u00f2s instal\u00b7lar\u00e0, a la pl. de la Vila una parada informativa sobre salut mental i les entitats del territori: Salut Mental Barcelon\u00e8s Nord, Centre B\u00e8tula, Centre F\u00f2rum i Projecte Acces del Consorci de la Mina.<\/p>\n\n\n\n<p>A les 11h hi haur\u00e0 un concert a c\u00e0rrec de SRC B\u00e9tula de BSA i Laura Jare\u00f1o d&#8217;ActivaMent.<\/p>\n\n\n\n<p>Fins aquell dia podeu participar en el challenge \u00abjo cuido la meva salut mental quan&#8230;\u00bb. Trobareu tota la informaci\u00f3 de com fer-ho a l&#8217;Instagram @salutmentalsab2021. Entre tothom que hi participi ser\u00e0 sortejada una panera de productes del Servei Prelaboral B\u00e8tula-Salut Mental Barcelon\u00e8s Nord Assoaciaci\u00f3 (SMBN).<\/p>\n","protected":false},"excerpt":{"rendered":"<p>Per commemorar el Dia Mundial de la&nbsp;Salut&nbsp;Mental, el proper divendres 8 d&#8217;octubre, de 10 a 12h,&nbsp; la Taula de&nbsp;salut&nbsp;mental&nbsp;de l&#8217;Ajuntament de Sant Adri\u00e0 de Bes\u00f2s instal\u00b7lar\u00e0, a la pl. de la Vila una parada informativa sobre salut mental i les entitats del territori: Salut Mental Barcelon\u00e8s Nord, Centre B\u00e8tula, Centre F\u00f2rum i Projecte Acces del [&hellip;]<\/p>\n","protected":false},"author":2,"featured_media":3585,"comment_status":"open","ping_status":"open","sticky":false,"template":"","format":"standard","meta":{"footnotes":""},"categories":[134],"tags":[],"class_list":{"0":"post-3584","1":"post","2":"type-post","3":"status-publish","4":"format-standard","5":"has-post-thumbnail","7":"category-actualitat"},"_links":{"self":[{"href":"https:\/\/www.areabesos.com\/diario\/wp-json\/wp\/v2\/posts\/3584","targetHints":{"allow":["GET"]}}],"collection":[{"href":"https:\/\/www.areabesos.com\/diario\/wp-json\/wp\/v2\/posts"}],"about":[{"href":"https:\/\/www.areabesos.com\/diario\/wp-json\/wp\/v2\/types\/post"}],"author":[{"embeddable":true,"href":"https:\/\/www.areabesos.com\/diario\/wp-json\/wp\/v2\/users\/2"}],"replies":[{"embeddable":true,"href":"https:\/\/www.areabesos.com\/diario\/wp-json\/wp\/v2\/comments?post=3584"}],"version-history":[{"count":1,"href":"https:\/\/www.areabesos.com\/diario\/wp-json\/wp\/v2\/posts\/3584\/revisions"}],"predecessor-version":[{"id":3586,"href":"https:\/\/www.areabesos.com\/diario\/wp-json\/wp\/v2\/posts\/3584\/revisions\/3586"}],"wp:featuredmedia":[{"embeddable":true,"href":"https:\/\/www.areabesos.com\/diario\/wp-json\/wp\/v2\/media\/3585"}],"wp:attachment":[{"href":"https:\/\/www.areabesos.com\/diario\/wp-json\/wp\/v2\/media?parent=3584"}],"wp:term":[{"taxonomy":"category","embeddable":true,"href":"https:\/\/www.areabesos.com\/diario\/wp-json\/wp\/v2\/categories?post=3584"},{"taxonomy":"post_tag","embeddable":true,"href":"https:\/\/www.areabesos.com\/diario\/wp-json\/wp\/v2\/tags?post=3584"}],"curies":[{"name":"wp","href":"https:\/\/api.w.org\/{rel}","templated":true}]}}