{"id":3581,"date":"2021-10-05T11:35:48","date_gmt":"2021-10-05T09:35:48","guid":{"rendered":"http:\/\/www.areabesos.com\/diario\/?p=3581"},"modified":"2021-10-05T11:35:49","modified_gmt":"2021-10-05T09:35:49","slug":"les-xxiv-jornades-solidaries-porten-al-polidor-lexposicio-rostres-de-la-mediterrania","status":"publish","type":"post","link":"https:\/\/www.areabesos.com\/diario\/les-xxiv-jornades-solidaries-porten-al-polidor-lexposicio-rostres-de-la-mediterrania\/","title":{"rendered":"Les XXIV Jornades Solid\u00e0ries porten al Polidor l&#8217;exposici\u00f3 \u00abRostres de la Mediterr\u00e0nia\u00bb"},"content":{"rendered":"\n<p>Des de l\u2019any 2015, la Plataforma Stop Mare Mortum, ha convidat artistes gr\u00e0fics d&#8217;arreu del m\u00f3n a reflexionar sobre la situaci\u00f3 que viuen les persones refugiades que intenten arribar a Europa a trav\u00e9s de la mar Mediterr\u00e0nia. Els han demanat que pintin un Rostre de&nbsp;la Mediterr\u00e0nia i el cedeixin per fer sensibilitzaci\u00f3.<\/p>\n\n\n\n<p>S\u00f3n rostres de desesperaci\u00f3, de por del que fugen per\u00f2 tamb\u00e9 d\u2019impot\u00e8ncia davant del que es troben. Cares del passat i del present que per l\u2019Europa fortalesa nom\u00e9s s\u00f3n n\u00fameros en estad\u00edstiques plenes de desapareguts, ofegats i morts sense rostre&#8230; Per\u00f2 alhora s\u00f3n rostres de persones que busquen una vida millor, amb qui compartim un desig tan antic com la mateixa humanitat, el de viure. Per tant, tamb\u00e9 s\u00f3n rostres d\u2019il\u00b7lusi\u00f3 i d\u2019esperan\u00e7a.<\/p>\n\n\n\n<p>L&#8217;objectiu d\u2019aquesta mostra \u00e9s sensibilitzar la ciutadania sobre la problem\u00e0tica que viuen les persones refugiades en la seva recerca d&#8217;asil.<\/p>\n\n\n\n<p>La podeu veure al Polidor de l&#8217;1 al 31 d&#8217;octubre<\/p>\n\n\n\n<p>Activitat organitzada en el marc de les XXIV Jornades Solid\u00e0ries de Sant Adri\u00e0.<\/p>\n","protected":false},"excerpt":{"rendered":"<p>Des de l\u2019any 2015, la Plataforma Stop Mare Mortum, ha convidat artistes gr\u00e0fics d&#8217;arreu del m\u00f3n a reflexionar sobre la situaci\u00f3 que viuen les persones refugiades que intenten arribar a Europa a trav\u00e9s de la mar Mediterr\u00e0nia. Els han demanat que pintin un Rostre de&nbsp;la Mediterr\u00e0nia i el cedeixin per fer sensibilitzaci\u00f3. S\u00f3n rostres de [&hellip;]<\/p>\n","protected":false},"author":2,"featured_media":3582,"comment_status":"open","ping_status":"open","sticky":false,"template":"","format":"standard","meta":{"footnotes":""},"categories":[134],"tags":[],"class_list":{"0":"post-3581","1":"post","2":"type-post","3":"status-publish","4":"format-standard","5":"has-post-thumbnail","7":"category-actualitat"},"_links":{"self":[{"href":"https:\/\/www.areabesos.com\/diario\/wp-json\/wp\/v2\/posts\/3581","targetHints":{"allow":["GET"]}}],"collection":[{"href":"https:\/\/www.areabesos.com\/diario\/wp-json\/wp\/v2\/posts"}],"about":[{"href":"https:\/\/www.areabesos.com\/diario\/wp-json\/wp\/v2\/types\/post"}],"author":[{"embeddable":true,"href":"https:\/\/www.areabesos.com\/diario\/wp-json\/wp\/v2\/users\/2"}],"replies":[{"embeddable":true,"href":"https:\/\/www.areabesos.com\/diario\/wp-json\/wp\/v2\/comments?post=3581"}],"version-history":[{"count":1,"href":"https:\/\/www.areabesos.com\/diario\/wp-json\/wp\/v2\/posts\/3581\/revisions"}],"predecessor-version":[{"id":3583,"href":"https:\/\/www.areabesos.com\/diario\/wp-json\/wp\/v2\/posts\/3581\/revisions\/3583"}],"wp:featuredmedia":[{"embeddable":true,"href":"https:\/\/www.areabesos.com\/diario\/wp-json\/wp\/v2\/media\/3582"}],"wp:attachment":[{"href":"https:\/\/www.areabesos.com\/diario\/wp-json\/wp\/v2\/media?parent=3581"}],"wp:term":[{"taxonomy":"category","embeddable":true,"href":"https:\/\/www.areabesos.com\/diario\/wp-json\/wp\/v2\/categories?post=3581"},{"taxonomy":"post_tag","embeddable":true,"href":"https:\/\/www.areabesos.com\/diario\/wp-json\/wp\/v2\/tags?post=3581"}],"curies":[{"name":"wp","href":"https:\/\/api.w.org\/{rel}","templated":true}]}}