{"id":3578,"date":"2021-10-05T11:26:24","date_gmt":"2021-10-05T09:26:24","guid":{"rendered":"http:\/\/www.areabesos.com\/diario\/?p=3578"},"modified":"2021-10-05T11:26:24","modified_gmt":"2021-10-05T09:26:24","slug":"el-bernat-pescaire-nidifica-amb-exit-per-primer-cop-a-la-conca-del-besos","status":"publish","type":"post","link":"https:\/\/www.areabesos.com\/diario\/el-bernat-pescaire-nidifica-amb-exit-per-primer-cop-a-la-conca-del-besos\/","title":{"rendered":"El bernat pescaire nidifica amb \u00e8xit per primer cop a la conca del Bes\u00f2s"},"content":{"rendered":"\n<p>Dins els treballs de seguiment de la l\u00ednia d\u2019aus que desenvolupa l\u2019<strong>Observatori RIVUS <\/strong>a les conques del Bes\u00f2s i de la Tordera, s\u2019ha confirmat per primera vegada la nidificaci\u00f3 amb \u00e8xit d&#8217;una parella de <strong>bernats pescaires<\/strong> (<em>Ardea cinerea<\/em>) a la conca del Bes\u00f2s.<\/p>\n\n\n\n<p>Concretament ha niat en una bassa d&#8217;acc\u00e9s restringit de la plana agr\u00edcola, com tamb\u00e9 ho han fet la majoria de cames llargues (<em>Himantopus himantopus<\/em>). <em>\u201cCal generar espais fluvials amb una major tranquil\u00b7litat si volem que s&#8217;hi reprodueixin les esp\u00e8cies m\u00e9s sensibles a la pertorbaci\u00f3 humana\u201d<\/em>, ha explicat <strong>Xavi Larruy<\/strong>, ornit\u00f2leg i investigador responsable d\u2019aquesta l\u00ednia de seguiment a la conca del Bes\u00f2s.<\/p>\n\n\n\n<p>Hi ha molt poques dades pr\u00e8vies d\u2019intents de nidificaci\u00f3 confirmats: el 2018 l\u2019ornit\u00f2leg <strong>Xavi Mendoza<\/strong> va reportar un intent a la mateixa bassa i, anteriorment, l\u2019ornit\u00f2leg <strong>Xesco Maci\u00e0<\/strong> va detectar l\u2019exist\u00e8ncia de diversos nius constru\u00efts en pins d\u2019un vessant de la Serra de Marina. Tanmateix, en cap d\u2019aquestes ocasions la nidificaci\u00f3 va tenir \u00e8xit.<\/p>\n\n\n\n<p>El bernat pescaire \u00e9s una esp\u00e8cie que ha experimentat un notable increment poblacional a la conca del Bes\u00f2s els darrers 30 anys, afavorida per la col\u00f2nia reproductora del Parc Zool\u00f2gic de Barcelona i per la millora de la qualitat de l\u2019aigua.<\/p>\n\n\n\n<p>Aquests estudis de seguiment tamb\u00e9 aporten novetats referents a la conca de la Tordera, on els <strong>canvis <\/strong>hidromorfol\u00f2gics originats per les crescudes de 2020 (temporal Gloria) han fet augmentar el nombre de parelles i l&#8217;\u00e8xitreproductor del <strong>corriol petit <\/strong>(<em>Charadrius dubius<\/em>). Aquesta esp\u00e8cie lim\u00edcola ocupa preferentment els cursos fluvials baixos amb poca cobertura vegetal i amb platges o illetes de sediments fluvials, uns h\u00e0bitats que es generen precisament a partir de les avingudes per aportaci\u00f3 de sediments i creaci\u00f3 de sorrals, sobre els quals pot nidificar.<\/p>\n\n\n\n<p>Tot i que a la Tordera el corriol petit es troba ben representat, cal destacar-ne la reproducci\u00f3 en sectors de la riera d&#8217;Arb\u00facies on feia d\u00e8cades que no s&#8217;hi establia.<\/p>\n\n\n\n<p>Emmarcades en la commemoraci\u00f3 ahir, 3 d\u2019octubre, del <strong>Dia Mundial dels Ocells<\/strong>&nbsp; i avui del <strong>Dia Mundial de l\u2019H\u00e0bitat<\/strong> i <strong>Dia Mundial dels Animals<\/strong>, aquestes informacions i descobertes posen de manifest la necessitat de millorar i conservar els espais fluvials per afavorir la biodiversitat que hi est\u00e0 associada.<\/p>\n\n\n\n<p>Un dels principals objectius de l\u2019Observatori RIVUS, integrat dins la <strong>Fundaci\u00f3 RIVUS<\/strong> i en col\u00b7laboraci\u00f3 amb l\u2019<strong>ICTA-UAB<\/strong>, \u00e9s dur a terme el seguiment a mitj\u00e0 i llarg termini d\u2019indicadors de l\u2019estat de qualitat dels sistemes fluvials.<\/p>\n\n\n\n<p>L\u2019Observatori compta tamb\u00e9 amb el suport del <strong>Consorci Bes\u00f2s Tordera <\/strong>i de la <strong>Fundaci\u00f3 Barcelona Zoo<\/strong> i amb el patrocini de <strong>Freudenberg<\/strong> i <strong>Grifols<\/strong>.<\/p>\n","protected":false},"excerpt":{"rendered":"<p>Dins els treballs de seguiment de la l\u00ednia d\u2019aus que desenvolupa l\u2019Observatori RIVUS a les conques del Bes\u00f2s i de la Tordera, s\u2019ha confirmat per primera vegada la nidificaci\u00f3 amb \u00e8xit d&#8217;una parella de bernats pescaires (Ardea cinerea) a la conca del Bes\u00f2s. Concretament ha niat en una bassa d&#8217;acc\u00e9s restringit de la plana agr\u00edcola, [&hellip;]<\/p>\n","protected":false},"author":2,"featured_media":3579,"comment_status":"open","ping_status":"open","sticky":false,"template":"","format":"standard","meta":{"footnotes":""},"categories":[134],"tags":[],"class_list":{"0":"post-3578","1":"post","2":"type-post","3":"status-publish","4":"format-standard","5":"has-post-thumbnail","7":"category-actualitat"},"_links":{"self":[{"href":"https:\/\/www.areabesos.com\/diario\/wp-json\/wp\/v2\/posts\/3578","targetHints":{"allow":["GET"]}}],"collection":[{"href":"https:\/\/www.areabesos.com\/diario\/wp-json\/wp\/v2\/posts"}],"about":[{"href":"https:\/\/www.areabesos.com\/diario\/wp-json\/wp\/v2\/types\/post"}],"author":[{"embeddable":true,"href":"https:\/\/www.areabesos.com\/diario\/wp-json\/wp\/v2\/users\/2"}],"replies":[{"embeddable":true,"href":"https:\/\/www.areabesos.com\/diario\/wp-json\/wp\/v2\/comments?post=3578"}],"version-history":[{"count":1,"href":"https:\/\/www.areabesos.com\/diario\/wp-json\/wp\/v2\/posts\/3578\/revisions"}],"predecessor-version":[{"id":3580,"href":"https:\/\/www.areabesos.com\/diario\/wp-json\/wp\/v2\/posts\/3578\/revisions\/3580"}],"wp:featuredmedia":[{"embeddable":true,"href":"https:\/\/www.areabesos.com\/diario\/wp-json\/wp\/v2\/media\/3579"}],"wp:attachment":[{"href":"https:\/\/www.areabesos.com\/diario\/wp-json\/wp\/v2\/media?parent=3578"}],"wp:term":[{"taxonomy":"category","embeddable":true,"href":"https:\/\/www.areabesos.com\/diario\/wp-json\/wp\/v2\/categories?post=3578"},{"taxonomy":"post_tag","embeddable":true,"href":"https:\/\/www.areabesos.com\/diario\/wp-json\/wp\/v2\/tags?post=3578"}],"curies":[{"name":"wp","href":"https:\/\/api.w.org\/{rel}","templated":true}]}}