{"id":3573,"date":"2021-10-02T13:47:00","date_gmt":"2021-10-02T11:47:00","guid":{"rendered":"http:\/\/www.areabesos.com\/diario\/?p=3573"},"modified":"2021-10-04T13:50:48","modified_gmt":"2021-10-04T11:50:48","slug":"el-polidor-acull-la-presentacio-del-llibre-lentresol-dels-alemanys","status":"publish","type":"post","link":"https:\/\/www.areabesos.com\/diario\/el-polidor-acull-la-presentacio-del-llibre-lentresol-dels-alemanys\/","title":{"rendered":"El Polidor acull la presentaci\u00f3  del llibre \u00abL&#8217;Entresol dels alemanys\u00bb"},"content":{"rendered":"\n<p>El passat dijous al Centre Cultural Polidor, i organitzada pel Casal Popular Les Besosades i \u00d2mnium Cultural del Barcelon\u00e8s Nord, es va dur a terme la presentaci\u00f3 de la primera novel\u00b7la de l&#8217;escriptor Roger Fontanals, &#8216;L&#8217;Entresol dels alemanys&#8217;.<\/p>\n\n\n\n<p>Durant l&#8217;acte l&#8217;escriptor maresmenc va anar desgranant els personatges i el proc\u00e9s creatiu de la novel.la i com va acabar teixint la trama de tres personatges foscos i sense escrupols.<\/p>\n\n\n\n<p>L&#8217;obra de Fonatanls esdev\u00e9 un thriller de tres desconeguts que coincideixen en un petit bar del districte barcelon\u00ed de l&#8217;Eixample i on atrapats a l&#8217;interior del local degut a una tempesta, tindr\u00e0 lloc un succ\u00e9s que els hi canviar\u00e0 la vida per sempre i amb el que emprendran plegats una delirant aventura on cadascun d&#8217;ells traur\u00e0 el pitjor de si mateix. Durant aquesta mena de viatge sorgiran pors, manipulacions, xantatges emocionals i venjances que els conduiran per un cam\u00ed sense retorn en el qual estaran disposats a sobre passar tots els l\u00edmits.<\/p>\n\n\n\n<figure class=\"wp-block-image size-large\"><img loading=\"lazy\" decoding=\"async\" width=\"1024\" height=\"576\" src=\"https:\/\/www.areabesos.com\/diario\/wp-content\/uploads\/2021\/10\/llibre-alemanys2-1024x576.jpg\" alt=\"\" class=\"wp-image-3575\" srcset=\"https:\/\/www.areabesos.com\/diario\/wp-content\/uploads\/2021\/10\/llibre-alemanys2-1024x576.jpg 1024w, https:\/\/www.areabesos.com\/diario\/wp-content\/uploads\/2021\/10\/llibre-alemanys2-300x169.jpg 300w, https:\/\/www.areabesos.com\/diario\/wp-content\/uploads\/2021\/10\/llibre-alemanys2-768x432.jpg 768w, https:\/\/www.areabesos.com\/diario\/wp-content\/uploads\/2021\/10\/llibre-alemanys2-150x84.jpg 150w, https:\/\/www.areabesos.com\/diario\/wp-content\/uploads\/2021\/10\/llibre-alemanys2-696x392.jpg 696w, https:\/\/www.areabesos.com\/diario\/wp-content\/uploads\/2021\/10\/llibre-alemanys2-1068x601.jpg 1068w, https:\/\/www.areabesos.com\/diario\/wp-content\/uploads\/2021\/10\/llibre-alemanys2.jpg 1200w\" sizes=\"auto, (max-width: 1024px) 100vw, 1024px\" \/><\/figure>\n\n\n\n<p>&#8216;L&#8217;Entresol dels alemanys&#8217; ens condueix a la nostra vessant m\u00e9s cruel, pusil\u00b7l\u00e0nima mentre el lector recorre un laberint d&#8217;emocions i sensacions enfrontades.<\/p>\n\n\n\n<p>Al finalitzar l&#8217;acter l&#8217;autor i els assistents van gaudir d&#8217;una trobada-col\u00b7loqui al local del Casal.<\/p>\n\n\n\n<p><span style=\"background-color:#010c11\" class=\"td_text_highlight_marker\">Casal Popular Les Besosades<\/span><\/p>\n","protected":false},"excerpt":{"rendered":"<p>El passat dijous al Centre Cultural Polidor, i organitzada pel Casal Popular Les Besosades i \u00d2mnium Cultural del Barcelon\u00e8s Nord, es va dur a terme la presentaci\u00f3 de la primera novel\u00b7la de l&#8217;escriptor Roger Fontanals, &#8216;L&#8217;Entresol dels alemanys&#8217;. Durant l&#8217;acte l&#8217;escriptor maresmenc va anar desgranant els personatges i el proc\u00e9s creatiu de la novel.la i [&hellip;]<\/p>\n","protected":false},"author":2,"featured_media":3574,"comment_status":"open","ping_status":"open","sticky":false,"template":"","format":"standard","meta":{"footnotes":""},"categories":[136],"tags":[],"class_list":{"0":"post-3573","1":"post","2":"type-post","3":"status-publish","4":"format-standard","5":"has-post-thumbnail","7":"category-cultura"},"_links":{"self":[{"href":"https:\/\/www.areabesos.com\/diario\/wp-json\/wp\/v2\/posts\/3573","targetHints":{"allow":["GET"]}}],"collection":[{"href":"https:\/\/www.areabesos.com\/diario\/wp-json\/wp\/v2\/posts"}],"about":[{"href":"https:\/\/www.areabesos.com\/diario\/wp-json\/wp\/v2\/types\/post"}],"author":[{"embeddable":true,"href":"https:\/\/www.areabesos.com\/diario\/wp-json\/wp\/v2\/users\/2"}],"replies":[{"embeddable":true,"href":"https:\/\/www.areabesos.com\/diario\/wp-json\/wp\/v2\/comments?post=3573"}],"version-history":[{"count":1,"href":"https:\/\/www.areabesos.com\/diario\/wp-json\/wp\/v2\/posts\/3573\/revisions"}],"predecessor-version":[{"id":3576,"href":"https:\/\/www.areabesos.com\/diario\/wp-json\/wp\/v2\/posts\/3573\/revisions\/3576"}],"wp:featuredmedia":[{"embeddable":true,"href":"https:\/\/www.areabesos.com\/diario\/wp-json\/wp\/v2\/media\/3574"}],"wp:attachment":[{"href":"https:\/\/www.areabesos.com\/diario\/wp-json\/wp\/v2\/media?parent=3573"}],"wp:term":[{"taxonomy":"category","embeddable":true,"href":"https:\/\/www.areabesos.com\/diario\/wp-json\/wp\/v2\/categories?post=3573"},{"taxonomy":"post_tag","embeddable":true,"href":"https:\/\/www.areabesos.com\/diario\/wp-json\/wp\/v2\/tags?post=3573"}],"curies":[{"name":"wp","href":"https:\/\/api.w.org\/{rel}","templated":true}]}}