{"id":3570,"date":"2021-10-04T13:38:01","date_gmt":"2021-10-04T11:38:01","guid":{"rendered":"http:\/\/www.areabesos.com\/diario\/?p=3570"},"modified":"2021-10-04T13:38:58","modified_gmt":"2021-10-04T11:38:58","slug":"erc-sant-adria-realitza-un-acte-commemoratiu-en-el-quart-aniversari-del-primer-doctubre","status":"publish","type":"post","link":"https:\/\/www.areabesos.com\/diario\/erc-sant-adria-realitza-un-acte-commemoratiu-en-el-quart-aniversari-del-primer-doctubre\/","title":{"rendered":"ERC Sant Adri\u00e0 realitza un acte commemoratiu en el quart aniversari del primer d\u2019octubre"},"content":{"rendered":"\n<p>El passat divendres 1 d\u2019Octubre, ERC Sant Adri\u00e0, amb el suport d\u2019altres partits i entitats sobiranistes (Assemblea, CDR &#8211; Comit\u00e8 de Defensa de la Rep\u00fablica, CRA &#8211; Centre Republic\u00e0 Adrianenc, Jovent Republic\u00e0, Junts i S\u00famate) van realitzar a la pla\u00e7a de la Vila un acte per reivindicar aquesta data hist\u00f2rica.<\/p>\n\n\n\n<p>L\u2019acte, doblement especial donat que era el primer amb els l\u00edders independentistes fora de les presons i ja en situaci\u00f3 de postpand\u00e8mia, va consistir en l\u2019encesa d\u2019espelmes sobre cadires, formant el n\u00famero 3500, n\u00famero total de represaliats per la just\u00edcia espanyola pel proc\u00e9s d\u2019autodeterminaci\u00f3. A m\u00e9s, el president de la secci\u00f3 local d\u2019ERC va llegir un manifest, recordant la import\u00e0ncia de tornar als carrers i de seguir lluitant per la causa.<\/p>\n\n\n\n<p>Amb desenes de persones reunides, tenint en compte encara la situaci\u00f3 que est\u00e0 sent tornar a la \u201cnormalitat\u201d despr\u00e9s de la pand\u00e8mia de la covid-19, l\u2019acte va ser tot un \u00e8xit pel que fa a assist\u00e8ncia.<\/p>\n\n\n\n<p>L\u2019acte va finalitzar amb el cant a cappella dels Segadors, himne nacional catal\u00e0, seguit tant pels presents a l\u2019acte com per aquelles persones que hi passaven al voltant en aquell prec\u00eds moment.<\/p>\n","protected":false},"excerpt":{"rendered":"<p>El passat divendres 1 d\u2019Octubre, ERC Sant Adri\u00e0, amb el suport d\u2019altres partits i entitats sobiranistes (Assemblea, CDR &#8211; Comit\u00e8 de Defensa de la Rep\u00fablica, CRA &#8211; Centre Republic\u00e0 Adrianenc, Jovent Republic\u00e0, Junts i S\u00famate) van realitzar a la pla\u00e7a de la Vila un acte per reivindicar aquesta data hist\u00f2rica. L\u2019acte, doblement especial donat que [&hellip;]<\/p>\n","protected":false},"author":2,"featured_media":3571,"comment_status":"open","ping_status":"open","sticky":false,"template":"","format":"standard","meta":{"footnotes":""},"categories":[134],"tags":[],"class_list":{"0":"post-3570","1":"post","2":"type-post","3":"status-publish","4":"format-standard","5":"has-post-thumbnail","7":"category-actualitat"},"_links":{"self":[{"href":"https:\/\/www.areabesos.com\/diario\/wp-json\/wp\/v2\/posts\/3570","targetHints":{"allow":["GET"]}}],"collection":[{"href":"https:\/\/www.areabesos.com\/diario\/wp-json\/wp\/v2\/posts"}],"about":[{"href":"https:\/\/www.areabesos.com\/diario\/wp-json\/wp\/v2\/types\/post"}],"author":[{"embeddable":true,"href":"https:\/\/www.areabesos.com\/diario\/wp-json\/wp\/v2\/users\/2"}],"replies":[{"embeddable":true,"href":"https:\/\/www.areabesos.com\/diario\/wp-json\/wp\/v2\/comments?post=3570"}],"version-history":[{"count":1,"href":"https:\/\/www.areabesos.com\/diario\/wp-json\/wp\/v2\/posts\/3570\/revisions"}],"predecessor-version":[{"id":3572,"href":"https:\/\/www.areabesos.com\/diario\/wp-json\/wp\/v2\/posts\/3570\/revisions\/3572"}],"wp:featuredmedia":[{"embeddable":true,"href":"https:\/\/www.areabesos.com\/diario\/wp-json\/wp\/v2\/media\/3571"}],"wp:attachment":[{"href":"https:\/\/www.areabesos.com\/diario\/wp-json\/wp\/v2\/media?parent=3570"}],"wp:term":[{"taxonomy":"category","embeddable":true,"href":"https:\/\/www.areabesos.com\/diario\/wp-json\/wp\/v2\/categories?post=3570"},{"taxonomy":"post_tag","embeddable":true,"href":"https:\/\/www.areabesos.com\/diario\/wp-json\/wp\/v2\/tags?post=3570"}],"curies":[{"name":"wp","href":"https:\/\/api.w.org\/{rel}","templated":true}]}}