{"id":3568,"date":"2021-09-30T13:19:00","date_gmt":"2021-09-30T11:19:00","guid":{"rendered":"http:\/\/www.areabesos.com\/diario\/?p=3568"},"modified":"2021-10-04T13:27:07","modified_gmt":"2021-10-04T11:27:07","slug":"angels-barcelo-la-ser-y-una-demagogia-que-si-es-peligrosa","status":"publish","type":"post","link":"https:\/\/www.areabesos.com\/diario\/angels-barcelo-la-ser-y-una-demagogia-que-si-es-peligrosa\/","title":{"rendered":"Angels Barcel\u00f3, la SER y una demagogia que s\u00ed es \u201cpeligrosa\u201d"},"content":{"rendered":"\n<p>Me refiero a los dos minutos y medio que dur\u00f3 la editorial hablada del \u201cHoy por hoy\u201d del lunes 27 de septiembre, titulado \u201cAqu\u00ed somos m\u00e1s del ruido\u201d y que usted puede escuchar en <a href=\"https:\/\/play.cadenaser.com\/audio\/1632723090072\/\">https:\/\/play.cadenaser.com\/audio\/1632723090072\/<\/a><\/p>\n\n\n\n<p>De entre las situaciones m\u00e1s dif\u00edciles de digerir destacan aquellas en las que, cuando a\u00fan est\u00e1s disfrutando de una noticia excelente e inesperada, sufres una decepci\u00f3n a\u00fan mayor porque se trataba de un sue\u00f1o sin fundamento. Y como todo es susceptible de empeorar, piensas \u201ctierra, tr\u00e1game\u201d si adem\u00e1s cometiste la imprudencia de alegrarte en p\u00fablico cuando todo el monte parec\u00eda or\u00e9gano.<\/p>\n\n\n\n<p>Ci\u00f1\u00e9ndonos al caso que nos ocupa, Barcel\u00f3 siempre se expone y, por tanto, era normal que no le hiciera ninguna gracia el desenlace final de la sucesi\u00f3n de noticias que durante el fin de semana hab\u00edan colocado en el mapa a la Cerde\u00f1a m\u00e1s catalana. Ten\u00eda que abrir el \u201cHoy por hoy\u201d con la \u201cnovedad\u201d de que otra justicia europea, esta vez italiana, hab\u00eda vuelto a negarle a Espa\u00f1a la extradici\u00f3n de Puigdemont.<\/p>\n\n\n\n<p>Pero \u201cnobleza obliga\u201d. Ella es una profesional y, para resolver el trance, eligi\u00f3 la versi\u00f3n del cuento del Pisuerga pasando por Valladolid que, con cuidado para que no se notara demasiado, le permitiera tambi\u00e9n resarcirse de la decepci\u00f3n sufrida por la libertad del catal\u00e1n. Pero le ha podido el estr\u00e9s y se ha notado.<\/p>\n\n\n\n<p>Para facilitar la asimilaci\u00f3n del verdadero mensaje que Barcel\u00f3 nos quer\u00eda transmitir emple\u00f3 la t\u00e1ctica de loar a los l\u00edderes alemanes que son capaces de ponerse a negociar los gobiernos en la misma noche electoral. Al tratarse de una admiraci\u00f3n compartida por muchos, lo que buscaba era prepararnos para que acept\u00e1ramos tambi\u00e9n el resto de su parlamento.<\/p>\n\n\n\n<p>La referencia a los alemanes dur\u00f3 un minuto y despu\u00e9s, como la supuesta intenci\u00f3n de Barcel\u00f3 era insistir en que aqu\u00ed no sabemos negociar, lo correcto hubiera sido que eligiera unos protagonistas similares ante un hecho similar. Es decir, hablando de pol\u00edticos que negociaban el gobierno alem\u00e1n tras unas elecciones, deber\u00eda haber elegido a pol\u00edticos espa\u00f1oles negociando el gobierno de Espa\u00f1a tras unas elecciones.<\/p>\n\n\n\n<p>Lo ten\u00eda muy f\u00e1cil. Hubiera sido suficiente con recordar a todos los aspirantes a la Moncloa que, entre 2016 y 2019, en lugar de pactar, forzaron tres elecciones generales cuando solo tendr\u00edan que haberse celebrado unas. Tienen nombres y apellidos, y hasta podr\u00eda haber a\u00f1adido alg\u00fan detalle menos conocido.<\/p>\n\n\n\n<p>Por si a Barcel\u00f3 se le hubiera olvidado ese argumento, tambi\u00e9n podr\u00eda haber mencionado el gran fracaso de todos los pol\u00edticos que solo saben mirar Espa\u00f1a desde Madrid por no querer negociar el conflicto con la Generalitat de Catalunya, una actitud que S\u00e1nchez mantiene intacta, a pesar de disfrazarse con una \u201cmesa\u201d en la que se niega a debatir los dos temas que justifican su existencia.<\/p>\n\n\n\n<p>Pero sin duda Barcel\u00f3 auto censur\u00f3 esta opci\u00f3n pues, de haber recurrido a ella, habr\u00eda tenido que morder la mano que alimentaba su verdadera intenci\u00f3n para el lunes 27 por la ma\u00f1ana.<\/p>\n\n\n\n<p>Se trata de la \u201cmano\u201d del Poder Judicial, ese colaborador necesario para sostener desde la retaguardia el autoritarismo de \u201cno pactar\u201d que practican los pol\u00edticos espa\u00f1olistas, un d\u00e9ficit que los jueces supremos aprovechan pues, dispuestos siempre a sacarles las casta\u00f1as del fuego, es de caj\u00f3n de madera de \u00e1rbol que ning\u00fan presidente del gobierno ni l\u00edder de la oposici\u00f3n se atrever\u00e1 a sacar del CGPJ a los jueces okupas. Por mucho que Europa nos advierta.<\/p>\n\n\n\n<p>Entonces, Barcel\u00f3 decidi\u00f3 no respetar la norma esa de \u201cno mezclar las churras con las merinas\u201d que cualquier humano lleva impresa en su ADN. Ten\u00eda bien claro que su mensaje principal no ir\u00eda tanto de los alemanes como de transmitir que Pere Aragon\u00e9s y Pablo Casado son igual de \u201cpeligrosos\u201d y, para conseguirlo, puso toda la carne en el asador, traducida en la falacia de que pedir la \u201clibertad completa\u201d para Puigdemont, como pide el catal\u00e1n, es tan \u201cimposible\u201d para S\u00e1nchez como \u201ctraer a Espa\u00f1a a Puigdemont desde Europa\u201d tal como exige el del PP.<\/p>\n\n\n\n<p>Para ayudar a Barcel\u00f3 a comprender la diferencia entre supuestos \u201cimposibles\u201d, me limitar\u00e9 a recordar&nbsp;c\u00f3mo han terminado aquellos tiempos en los que en \u201cEspa\u00f1a no se pon\u00eda el sol\u201d. Ahora ocurre que si al m\u00e1ximo tribunal espa\u00f1ol, el TC, se le ocurre confirmar condenas por quemar la foto del rey, viene un tribunal superior, europeo por supuesto, y condena a Espa\u00f1a por violar la libertad de expresi\u00f3n de los \u201cincendiarios\u201d.<\/p>\n\n\n\n<p>Terminando.<\/p>\n\n\n\n<p>\u00bfNo le parece a \u00c0ngels Barcel\u00f3 que si en Alemania la primera autoridad de uno de los Lander hubiera tenido que refugiarse en la justicia europea para eludir a la de Berl\u00edn por algo parecido al \u201cdelito\u201d de Puigdemont, habr\u00eda tambi\u00e9n en ese pa\u00eds pol\u00edticos de partidos enfrentados que estar\u00edan diciendo cosas parecidas a las de Aragon\u00e9s y Casado?<\/p>\n\n\n\n<p>A fin de cuentas, solo son pol\u00edticos y, ante ellos, los electores elevamos nuestras defensas de manera espont\u00e1nea, pues sabemos que las verdades que proclaman han pasado siempre por los filtros de lo que les interesa.<\/p>\n\n\n\n<p>En cambio, los medios son otro \u201cpoder\u201d y cada vez que difunden demagogias calculadas, o irreflexivas por rabias anteriores, se convierten en \u201cpeligrosos\u201d para la democracia, pues consiguen mezclar \u201cla paja con el grano\u201d en miles de personas que despu\u00e9s ser\u00e1n convocadas a las urnas. Son opiniones vertidas con voz de pontificar que confunden valores con la misma potencia que tienen los mensajes publicitarios de la \u201cmejor\u201d calidad subliminal.<\/p>\n\n\n\n<p>En Espa\u00f1a es el Estado, el que S\u00e1nchez y Casado representan desde gobierno y oposici\u00f3n, el autoritario y \u00fanico responsable por negarse a negociar unas demandas que, ciertamente, se salen de la Constituci\u00f3n. Por algo tan simple como que el tiempo ha pasado pues, cuando no lo detienen los dictadores o intentan atrasarlo sus herederos, termina haciendo justicia y, tras 43 a\u00f1os congelada, hay millones de catalanes que ya no caben en la del 78.<\/p>\n\n\n\n<p>Para terminar, me har\u00e9 eco de esa cruel actualidad que tantas veces devuelve las cosas al sitio donde estaban.<\/p>\n\n\n\n<p>He empleado tanto tiempo a trompicones en aquilatar estas palabras que se ha terminado despertando el jueves 30 por la ma\u00f1ana. De repente, la espada justiciera se ha descolgado casi a la misma hora en la que el lunes 27 Barcel\u00f3 pon\u00eda la excusa de admirar a los alemanes para vengarse de la libertad de Puigdemont con disfraz de equidistante entre Aragon\u00e9s y Casado.<\/p>\n\n\n\n<p>En la misma SER informa su corresponsal en Berl\u00edn. Dice que \u201cAlemania se ha enterado esta ma\u00f1ana por una foto en Instagram de unas negociaciones entre Verdes y Liberales que se est\u00e1n llevando en el m\u00e1s absoluto secreto\u201d.<\/p>\n\n\n\n<p>Como dej\u00f3 dicho nuestro Ram\u00f3n de Campoamor, \u201cEn este mundo traidor, nada es verdad ni mentira, todo es seg\u00fan el color del cristal con que se mira\u201d. Una sabidur\u00eda que vale para cualquier lugar del Universo poblado por humanos.<\/p>\n\n\n\n<p>Espero que Barcel\u00f3 sea valiente y aproveche cualquier \u201cHoy por hoy\u201d de los que deber\u00e1 conducir a partir del viernes 1 de octubre para pedir disculpas en voz alta por haberse equivocado de gafas en la ma\u00f1ana del lunes 27 de septiembre del a\u00f1o 2021.<\/p>\n\n\n\n<p><span style=\"background-color:#00080b\" class=\"td_text_highlight_marker\">Domingo Sanz<\/span><\/p>\n","protected":false},"excerpt":{"rendered":"<p>Me refiero a los dos minutos y medio que dur\u00f3 la editorial hablada del \u201cHoy por hoy\u201d del lunes 27 de septiembre, titulado \u201cAqu\u00ed somos m\u00e1s del ruido\u201d y que usted puede escuchar en https:\/\/play.cadenaser.com\/audio\/1632723090072\/ De entre las situaciones m\u00e1s dif\u00edciles de digerir destacan aquellas en las que, cuando a\u00fan est\u00e1s disfrutando de una noticia [&hellip;]<\/p>\n","protected":false},"author":2,"featured_media":2320,"comment_status":"open","ping_status":"open","sticky":false,"template":"","format":"standard","meta":{"footnotes":""},"categories":[139],"tags":[],"class_list":{"0":"post-3568","1":"post","2":"type-post","3":"status-publish","4":"format-standard","5":"has-post-thumbnail","7":"category-opinio"},"_links":{"self":[{"href":"https:\/\/www.areabesos.com\/diario\/wp-json\/wp\/v2\/posts\/3568","targetHints":{"allow":["GET"]}}],"collection":[{"href":"https:\/\/www.areabesos.com\/diario\/wp-json\/wp\/v2\/posts"}],"about":[{"href":"https:\/\/www.areabesos.com\/diario\/wp-json\/wp\/v2\/types\/post"}],"author":[{"embeddable":true,"href":"https:\/\/www.areabesos.com\/diario\/wp-json\/wp\/v2\/users\/2"}],"replies":[{"embeddable":true,"href":"https:\/\/www.areabesos.com\/diario\/wp-json\/wp\/v2\/comments?post=3568"}],"version-history":[{"count":1,"href":"https:\/\/www.areabesos.com\/diario\/wp-json\/wp\/v2\/posts\/3568\/revisions"}],"predecessor-version":[{"id":3569,"href":"https:\/\/www.areabesos.com\/diario\/wp-json\/wp\/v2\/posts\/3568\/revisions\/3569"}],"wp:featuredmedia":[{"embeddable":true,"href":"https:\/\/www.areabesos.com\/diario\/wp-json\/wp\/v2\/media\/2320"}],"wp:attachment":[{"href":"https:\/\/www.areabesos.com\/diario\/wp-json\/wp\/v2\/media?parent=3568"}],"wp:term":[{"taxonomy":"category","embeddable":true,"href":"https:\/\/www.areabesos.com\/diario\/wp-json\/wp\/v2\/categories?post=3568"},{"taxonomy":"post_tag","embeddable":true,"href":"https:\/\/www.areabesos.com\/diario\/wp-json\/wp\/v2\/tags?post=3568"}],"curies":[{"name":"wp","href":"https:\/\/api.w.org\/{rel}","templated":true}]}}