{"id":3510,"date":"2021-09-23T12:46:00","date_gmt":"2021-09-23T10:46:00","guid":{"rendered":"http:\/\/www.areabesos.com\/diario\/?p=3510"},"modified":"2021-09-27T12:47:10","modified_gmt":"2021-09-27T10:47:10","slug":"puigdemont-no-te-dejes-detener-aun-por-favor","status":"publish","type":"post","link":"https:\/\/www.areabesos.com\/diario\/puigdemont-no-te-dejes-detener-aun-por-favor\/","title":{"rendered":"Puigdemont, no te dejes detener a\u00fan, por favor"},"content":{"rendered":"\n<p>Permite, Carles, que te tutee y que esta vez hable de ti, pues hoy es viernes, 23 de septiembre de 2021 y me has vuelto a alegrar el d\u00eda.<\/p>\n\n\n\n<p>Hasta tal punto te has llevado hoy el gato al agua que, en las noticias de las 7 de la tarde, una emisora tan poco sospechosa de simpatizar contigo como la SER se ha visto obligada a concederte la palabra para que pudi\u00e9ramos escucharte a la salida de la c\u00e1rcel en Cerde\u00f1a: \u201cEspa\u00f1a no pierde ninguna oportunidad de hacer el rid\u00edculo\u201d, has dicho<\/p>\n\n\n\n<p>Quiz\u00e1s lo han hecho confundidos por el impacto de una libertad, la tuya, que no esperaban tan prematura, pero lo cierto es que han emitido el mejor informativo de todos los que he escuchado, hasta la fecha, en cualquier emisora de radio espa\u00f1olista sobre \u201clo\u201d de Catalunya. Y han sido muchos.<\/p>\n\n\n\n<p>T\u00fa, que siendo alcalde de Girona inspiraste tanta confianza hacia tu persona entre los diputados del Parlamento catal\u00e1n constituido tras las auton\u00f3micas de 2015 que decidieron elegirte presidente de la Generalitat para conseguir, por fin, que se cumpliera un programa electoral presentado por la candidatura triunfadora. Por muy dif\u00edcil que fuera el reto.<\/p>\n\n\n\n<p>Y tan cierto es que el reto fue dif\u00edcil c\u00f3mo que aquellos diputados acertaron al elegirte.<\/p>\n\n\n\n<p>T\u00fa, que desde la presidencia de la Generalitat tuviste la osad\u00eda de convocar con luz y taqu\u00edgrafos el refer\u00e9ndum prometido al electorado pero negado por el mismo Estado espa\u00f1ol que lleva casi 1.500 d\u00edas persigui\u00e9ndote por toda Europa, tan desesperada como infructuosamente.<\/p>\n\n\n\n<p>T\u00fa, que con la decisi\u00f3n de colocar las urnas aquel 1 de octubre entusiasmaste tanto a miles de personas que consiguieron confundir a los esp\u00edas del Estado, ocultando durante d\u00edas miles de urnas tan feas como democr\u00e1ticas.<\/p>\n\n\n\n<p>Miles de personas que tambi\u00e9n consiguieron colocar sanas y salvas cada una de esas urnas sobre cientos de mesas electorales distintas, ubicadas en lugares se\u00f1alados p\u00fablicamente y sin miedo desde hac\u00eda semanas.<\/p>\n\n\n\n<p>Miles de personas que el d\u00eda 1 de octubre se convirtieron en dos millones en busca de esas mismas urnas para decidir su futuro gracias a la libertad m\u00e1s deseada de todas, la que se arranca a los due\u00f1os de unas fuerzas represivas armadas hasta los dientes y enviadas para descargar toda su violencia contra los votantes.<\/p>\n\n\n\n<p>T\u00fa, que est\u00e1s poniendo al Tribunal Supremo espa\u00f1ol tan en evidencia que comienza a ganar fuerza la idea de que no hay un solo juez en Europa que quiera pasar a la historia con la mancha de haberte entregado a una justicia tan sospechosa como la espa\u00f1ola.<\/p>\n\n\n\n<p>T\u00fa, que eres tan generoso como para regalar a tus peores adversarios emociones impagables como la que por la ma\u00f1ana les llevan a proclamar sus \u201cgrand\u00edsimas alegr\u00edas\u201d por tu detenci\u00f3n, v\u00e9ase Lamb\u00e1n, y a nosotros, los espectadores, poder imaginar por la tarde lo que ocultan los silencios de esos mismos lambanes al recibir la noticia de tu libertad.<\/p>\n\n\n\n<p>\u00bfCu\u00e1ntos pol\u00edticos, como el de Arag\u00f3n, te deben tanto vaiv\u00e9n emocional?<\/p>\n\n\n\n<p>\u00bfNo est\u00e1 tardando ya una serie con lo tuyo para batir r\u00e9cords de audiencias?<\/p>\n\n\n\n<p>T\u00fa, que sin duda has cometido errores como cualquiera, haz mucho caso a tus abogados y no te dejes detener todav\u00eda. Te prefiero en libertad relativa, supongo que t\u00fa tambi\u00e9n te sientes mejor as\u00ed, pero debo confesar un punto de ego\u00edsmo por mi parte: tu y los independentistas catalanes est\u00e1is haciendo m\u00e1s por desmoralizar a los franquistas que a\u00fan mandan mucho en los poderes del Estado, que todos los pol\u00edticos que hasta la fecha han pisado La Moncloa o el Congreso de los Diputados.<\/p>\n\n\n\n<p>Les has, les hab\u00e9is obligado a quitarse el disfraz, y eso es lo peor que les puede ocurrir a esa clase de innombrables.<\/p>\n\n\n\n<p>S\u00e9 que los exilios son, muchas veces, m\u00e1s dif\u00edciles de soportar que las c\u00e1rceles. La sensaci\u00f3n de que casi todo es tan f\u00e1cil como en libertad se cruza con las frustraciones de unas alegr\u00edas que nunca son suficientes.<\/p>\n\n\n\n<p>Sigue adelante, Carles Puigdemont. No pares, pero ten mucho cuidado, al menos hasta que la Justicia europea dicte sentencia sobre los cien a\u00f1os de c\u00e1rcel con que Marchena y los de la Sala Segunda \u201cpremiaron\u201d a los tambi\u00e9n valientes l\u00edderes catalanes que te acompa\u00f1aron en la gran movilizaci\u00f3n del refer\u00e9ndum, aunque despu\u00e9s acudieran, tan orgullosos como indefensos, al terreno del adversario.<\/p>\n\n\n\n<p><span style=\"background-color:#010e13\" class=\"td_text_highlight_marker\">Domingo Sanz<\/span><\/p>\n","protected":false},"excerpt":{"rendered":"<p>Permite, Carles, que te tutee y que esta vez hable de ti, pues hoy es viernes, 23 de septiembre de 2021 y me has vuelto a alegrar el d\u00eda. Hasta tal punto te has llevado hoy el gato al agua que, en las noticias de las 7 de la tarde, una emisora tan poco sospechosa [&hellip;]<\/p>\n","protected":false},"author":2,"featured_media":3511,"comment_status":"open","ping_status":"open","sticky":false,"template":"","format":"standard","meta":{"footnotes":""},"categories":[139],"tags":[],"class_list":{"0":"post-3510","1":"post","2":"type-post","3":"status-publish","4":"format-standard","5":"has-post-thumbnail","7":"category-opinio"},"_links":{"self":[{"href":"https:\/\/www.areabesos.com\/diario\/wp-json\/wp\/v2\/posts\/3510","targetHints":{"allow":["GET"]}}],"collection":[{"href":"https:\/\/www.areabesos.com\/diario\/wp-json\/wp\/v2\/posts"}],"about":[{"href":"https:\/\/www.areabesos.com\/diario\/wp-json\/wp\/v2\/types\/post"}],"author":[{"embeddable":true,"href":"https:\/\/www.areabesos.com\/diario\/wp-json\/wp\/v2\/users\/2"}],"replies":[{"embeddable":true,"href":"https:\/\/www.areabesos.com\/diario\/wp-json\/wp\/v2\/comments?post=3510"}],"version-history":[{"count":1,"href":"https:\/\/www.areabesos.com\/diario\/wp-json\/wp\/v2\/posts\/3510\/revisions"}],"predecessor-version":[{"id":3512,"href":"https:\/\/www.areabesos.com\/diario\/wp-json\/wp\/v2\/posts\/3510\/revisions\/3512"}],"wp:featuredmedia":[{"embeddable":true,"href":"https:\/\/www.areabesos.com\/diario\/wp-json\/wp\/v2\/media\/3511"}],"wp:attachment":[{"href":"https:\/\/www.areabesos.com\/diario\/wp-json\/wp\/v2\/media?parent=3510"}],"wp:term":[{"taxonomy":"category","embeddable":true,"href":"https:\/\/www.areabesos.com\/diario\/wp-json\/wp\/v2\/categories?post=3510"},{"taxonomy":"post_tag","embeddable":true,"href":"https:\/\/www.areabesos.com\/diario\/wp-json\/wp\/v2\/tags?post=3510"}],"curies":[{"name":"wp","href":"https:\/\/api.w.org\/{rel}","templated":true}]}}