{"id":3507,"date":"2021-09-24T13:29:12","date_gmt":"2021-09-24T11:29:12","guid":{"rendered":"http:\/\/www.areabesos.com\/diario\/?p=3507"},"modified":"2021-09-24T13:29:14","modified_gmt":"2021-09-24T11:29:14","slug":"en-marxa-emprenedona-un-projecte-per-afavorir-la-creacio-i-consolidacio-de-negocis-liderats-per-dones","status":"publish","type":"post","link":"https:\/\/www.areabesos.com\/diario\/en-marxa-emprenedona-un-projecte-per-afavorir-la-creacio-i-consolidacio-de-negocis-liderats-per-dones\/","title":{"rendered":"En marxa EMPRENEDONA, un projecte per afavorir la creaci\u00f3 i consolidaci\u00f3 de negocis liderats per dones"},"content":{"rendered":"\n<p>El dimarts\u00a0vinent\u00a0dia 28 de setembre a les\u00a016 hores\u00a0tindr\u00e0 lloc\u00a0al Centre de recursos per a dones (CIBA)\u00a0l\u2019acte de\u00a0presentaci\u00f3\u00a0d\u2019Emprenedona, un projecte d\u2019acompanyament adre\u00e7at a dones emprenedores i empres\u00e0ries del territori que es desenvolupar\u00e0 al llarg\u00a0d\u2019aquest darrer trimestre de\u00a0l\u2019any.\u00a0La iniciativa, impulsada per l\u2019Ajuntament de\u00a0Sant Adri\u00e0 de Bes\u00f2s i\u00a0el\u00a0Servei de Foment Empresarial\u00a0Grameimpuls de\u00a0Santa Coloma\u00a0i\u00a0finan\u00e7ada per la Diputaci\u00f3 de Barcelona,\u00a0pret\u00e9n afavorir el naixement, creixement i consolidaci\u00f3 de projectes d\u2019emprenedoria liderats per dones, a partir de\u00a0les\u00a0sessions\u00a0grupals\u00a0de formaci\u00f3 i\u00a0<em>coaching<\/em>individual que impartir\u00e0 la consultora Cres\u00e0lidaen qu\u00e8 es treballaran compet\u00e8ncies comunicatives,\u00a0t\u00e8cniques (coneixements financers,\u00a0aspectes comercials i de marketing,\u00a0etc.),\u00a0compet\u00e8ncies directives;\u00a0habilitats personals i relacions interpersonals amb altres\u00a0dones\u00a0participants.<\/p>\n\n\n\n<p>A l\u2019acte\u00a0s\u2019explicar\u00e0 breument el projecte i\u00a0hi participaran les alcaldesses de\u00a0l\u2019Ajuntament de\u00a0Sant Adri\u00e0\u00a0de Bes\u00f2s i\u00a0de\u00a0Santa Coloma de Gramenet,\u00a0Filo Ca\u00f1ete\u00a0i Nuria Parlon.<\/p>\n\n\n\n<p>El programa\u00a0est\u00e0 previst que inici\u00ef\u00a0el\u00a04 d\u2019octubre i\u00a0finalitzar\u00e0a principis de\u00a0desembre.\u00a0Al llarg d\u2019aquests\u00a0mesos, les participants rebran acompanyament integral combinant\u00a0tant itineraris formatius flexibles adaptats a les seves necessitats, com espais\u00a0de\u00a0<em>networking\u00a0<\/em>i sessions de tutoritzaci\u00f3 permanent a c\u00e0rrec de l\u2019equip de t\u00e8cniques municipals. Les participants hauran de ser dones emprenedores, empres\u00e0ries o intra-emprenedores en una organitzaci\u00f3. Es far\u00e0 un proc\u00e9s de selecci\u00f3 per participar-hi.<\/p>\n\n\n\n<p><strong>Sessions informatives<\/strong><\/p>\n\n\n\n<p>Per tal de donar a con\u00e8ixer el programa, el Servei de Foment Empresarial de Grameimpuls ha organitzat sessions informatives, on caldr\u00e0 inscripci\u00f3 pr\u00e8via. Aquestes sessions s\u00f3n les seg\u00fcents:<\/p>\n\n\n\n<p><strong>Dilluns 27\/09\/2021 de 14:00 a 15:00 (VIRTUAL):\u00a0<a rel=\"noreferrer noopener\" href=\"https:\/\/www.grameimpuls.cat\/homepage\/cursos\/?cat=formacio&amp;postid=606&amp;color=bg_color1&amp;idFormacio=4027&amp;cercador=1\" target=\"_blank\">inscriu-te<\/a><\/strong><\/p>\n\n\n\n<p>Per\u00a0tal\u00a0d\u2019assistir\u00a0a\u00a0l\u2019acte inaugural del programa\u00a0Emprenedona\u00a0del pr\u00f2xim\u00a028 de setembre,\u00a0degut que les places s\u00f3n limitades, per a fer la inscripci\u00f3 caldr\u00e0 contactar amb el Servei de suport empresarial de l\u2019Ajuntament de Sant Adri\u00e0 de Bes\u00f2s trucant al\u00a093 462 2874 \/ 663 815 679\u00a0o enviant un correu electr\u00f2nic a\u00a0<a href=\"mailto:empresaiemprenedoria@sant-adria.net\"><strong>empresaiemprenedoria@sant-adria.net<\/strong><\/a><strong>.<\/strong><\/p>\n","protected":false},"excerpt":{"rendered":"<p>El dimarts\u00a0vinent\u00a0dia 28 de setembre a les\u00a016 hores\u00a0tindr\u00e0 lloc\u00a0al Centre de recursos per a dones (CIBA)\u00a0l\u2019acte de\u00a0presentaci\u00f3\u00a0d\u2019Emprenedona, un projecte d\u2019acompanyament adre\u00e7at a dones emprenedores i empres\u00e0ries del territori que es desenvolupar\u00e0 al llarg\u00a0d\u2019aquest darrer trimestre de\u00a0l\u2019any.\u00a0La iniciativa, impulsada per l\u2019Ajuntament de\u00a0Sant Adri\u00e0 de Bes\u00f2s i\u00a0el\u00a0Servei de Foment Empresarial\u00a0Grameimpuls de\u00a0Santa Coloma\u00a0i\u00a0finan\u00e7ada per la Diputaci\u00f3 de Barcelona,\u00a0pret\u00e9n [&hellip;]<\/p>\n","protected":false},"author":2,"featured_media":3508,"comment_status":"open","ping_status":"open","sticky":false,"template":"","format":"standard","meta":{"footnotes":""},"categories":[134],"tags":[],"class_list":{"0":"post-3507","1":"post","2":"type-post","3":"status-publish","4":"format-standard","5":"has-post-thumbnail","7":"category-actualitat"},"_links":{"self":[{"href":"https:\/\/www.areabesos.com\/diario\/wp-json\/wp\/v2\/posts\/3507","targetHints":{"allow":["GET"]}}],"collection":[{"href":"https:\/\/www.areabesos.com\/diario\/wp-json\/wp\/v2\/posts"}],"about":[{"href":"https:\/\/www.areabesos.com\/diario\/wp-json\/wp\/v2\/types\/post"}],"author":[{"embeddable":true,"href":"https:\/\/www.areabesos.com\/diario\/wp-json\/wp\/v2\/users\/2"}],"replies":[{"embeddable":true,"href":"https:\/\/www.areabesos.com\/diario\/wp-json\/wp\/v2\/comments?post=3507"}],"version-history":[{"count":1,"href":"https:\/\/www.areabesos.com\/diario\/wp-json\/wp\/v2\/posts\/3507\/revisions"}],"predecessor-version":[{"id":3509,"href":"https:\/\/www.areabesos.com\/diario\/wp-json\/wp\/v2\/posts\/3507\/revisions\/3509"}],"wp:featuredmedia":[{"embeddable":true,"href":"https:\/\/www.areabesos.com\/diario\/wp-json\/wp\/v2\/media\/3508"}],"wp:attachment":[{"href":"https:\/\/www.areabesos.com\/diario\/wp-json\/wp\/v2\/media?parent=3507"}],"wp:term":[{"taxonomy":"category","embeddable":true,"href":"https:\/\/www.areabesos.com\/diario\/wp-json\/wp\/v2\/categories?post=3507"},{"taxonomy":"post_tag","embeddable":true,"href":"https:\/\/www.areabesos.com\/diario\/wp-json\/wp\/v2\/tags?post=3507"}],"curies":[{"name":"wp","href":"https:\/\/api.w.org\/{rel}","templated":true}]}}