{"id":3480,"date":"2021-09-10T11:27:00","date_gmt":"2021-09-10T09:27:00","guid":{"rendered":"http:\/\/www.areabesos.com\/diario\/?p=3480"},"modified":"2021-09-13T11:30:59","modified_gmt":"2021-09-13T09:30:59","slug":"justicia-garantista-en-espana-menos-lobos-caperucita","status":"publish","type":"post","link":"https:\/\/www.areabesos.com\/diario\/justicia-garantista-en-espana-menos-lobos-caperucita\/","title":{"rendered":"\u00bfJusticia garantista en Espa\u00f1a? Menos lobos, Caperucita"},"content":{"rendered":"\n<p>Ante el sospechoso archivo de la \u201cKitchen\u201d, tertulianos multicolores hablan de la \u201cjusticia garantista\u201d para salvar los muebles de un Estado cuyo Poder Judicial est\u00e1, en el nivel de su Consejo General, okupado por 21 juristas adictos a unos cargos bien retribuidos, pues ya llevan tres a\u00f1os m\u00e1s de los que pone en la ley.<\/p>\n\n\n\n<p>Como siempre que alguien dice que garantiza algo que no controla reacciono en defensa propia. Al instante me ha venido a la cabeza una comparaci\u00f3n cualquiera, de esas tan odiosas como certeras.<\/p>\n\n\n\n<p>\u00bfPuede ser garantista una Justicia en la que su Tribunal Constitucional tarda m\u00e1s de 60 meses en comparar con la Constituci\u00f3n una ley de solo cinco art\u00edculos y siete disposiciones varias, la de la amnist\u00eda fiscal de Montoro y, en cambio, su Tribunal Supremo tarda solo 25 meses en condenar a 12 personas a penas de hasta 13 a\u00f1os de c\u00e1rcel en un asunto como el del Proc\u00e9s?<\/p>\n\n\n\n<p>Otra pregunta me viene a la cabeza, y tampoco puedo borrarla.<\/p>\n\n\n\n<p>\u00bfQu\u00e9 est\u00e1 garantizando un Tribunal Constitucional que lleva once a\u00f1os sin dictar sentencia ni archivar el recurso contra una ley del aborto que afecta a millones, a la vista de que quien lo interpuso, ese PP de Rajoy y la Kitchen del que Casado dice no saber nada cuando le preguntan, no procede a retirarlo?<\/p>\n\n\n\n<p>Lo que con eficacia absoluta garantiza la Justicia espa\u00f1ola es la inviolabilidad de Felipe VI para que haga lo que le d\u00e9 la real gana, tal como estuvo haciendo su padre, alguien que, al menos desde que gan\u00f3 Felipe Gonz\u00e1lez en 1982, se aburr\u00eda mucho, tanto de cintura para arriba como de cintura para abajo.<\/p>\n\n\n\n<p>Hay quien dice que Pe\u00f1afiel dice que Felipe VI padece narcolepsia, pero, a la vista de lo muy dormido que se queda en los eventos, yo creo que son los catalanes los que no le dejan conciliar el sue\u00f1o por las noches. Por tanto, debemos agradecer a esos rebeldes que el rey de ahora no se aburra tanto porque, de lo contrario, \u00bfqui\u00e9n puede asegurar que un hijo inviolable no vaya a parecerse a un padre inviolable, y m\u00e1s si hablamos de borbones inviolables?<\/p>\n\n\n\n<p>Imposible, pues, evitar la monarqu\u00eda cuando hablamos de la justicia espa\u00f1ola, pues no existe juez capaz de actuar contra cualquier rey o reina por muy delincuentes que sean, y todo por culpa de la tan particular como interesada manera que tienen de leer el art\u00edculo 56.3 de la Constituci\u00f3n.<\/p>\n\n\n\n<p>Descartada la muy \u201cgarantista\u201d justicia, debe actuar la pol\u00edtica. Hay cuatro \u201cex\u201d que podr\u00edan escribir al padre de Felipe VI una carta que dijera lo siguiente:<\/p>\n\n\n\n<p>\u201c<em>Remitentes: Felipe Gonz\u00e1lez M\u00e1rquez, Jos\u00e9 Mar\u00eda Aznar L\u00f3pez, Jos\u00e9 Luis Rodr\u00edguez Zapatero y Mariano Rajoy Brey.<\/em><\/p>\n\n\n\n<p><em>Destinatario: Juan Carlos I.<\/em><\/p>\n\n\n\n<p><em>Majestad, seguro que te acuerdas de nosotros.<\/em><\/p>\n\n\n\n<p><em>Antes de comenzar, decirte que nos hemos enterado que tu hijo el rey, y Pablo Iglesias se tutean, y nosotros haremos lo mismo contigo. Es evidente que, entre ambos, el de Podemos ha salido perdiendo, pero nosotros no tenemos nada que perder.<\/em><\/p>\n\n\n\n<p><em>Te escribimos los cuatro para decirte que nos has dejado con el culo al aire ante todos los espa\u00f1oles por tu maldita man\u00eda de meter la mano en la caja de todos y tambi\u00e9n entre las piernas de se\u00f1oras poco discretas, y que no podemos dormir pensando en que un d\u00eda a la tal Corinna, harta de tantas molestias y de que le pidas ahora unos millones que le regalaste, le d\u00e9 por divulgar alg\u00fan video que podr\u00eda haber grabado contigo en pa\u00f1os menores, o sin pa\u00f1os, por si alg\u00fan d\u00eda le giraban mal las vueltas que da la vida. Como aquel de Pedro J. con Exuperancia, \u00bfrecuerdas?<\/em><\/p>\n\n\n\n<p><em>En fin, que lo nuestro es un sin vivir y se nos ha ocurrido que lo mejor, tanto para ti como para nosotros cuatro, y tambi\u00e9n para los espa\u00f1oles, f\u00edjate que triple win m\u00e1s interesante, ser\u00eda que le entregaras al Gobierno toda la pasta que tienes oculta quien sabe d\u00f3nde y c\u00f3mo, esa que el New York Times dijo un d\u00eda que pod\u00edan ser dos mil millones. Te ahorrar\u00e1s, entre otras cosas, las minutas de los abogados que est\u00e1s contratando para que te defiendan.<\/em><\/p>\n\n\n\n<p><em>Y si, cuando devuelvas el dinero, dices que es para financiar la factura de la luz a las familias que no pueden pagarla, estupendo, porque a dos de nosotros nos est\u00e1n cogiendo mucha man\u00eda por eso que te imaginas.<\/em><\/p>\n\n\n\n<p><em>Lo que te pedimos es justo porque, si te hubi\u00e9ramos controlado de cerca, tu vida habr\u00eda sido mucho m\u00e1s aburrida.<\/em><\/p>\n\n\n\n<p><em>Pi\u00e9nsalo, rey nuestro, pues pronto morir\u00e1s y esa es una de las pocas cosas en las que eres igual al resto de los espa\u00f1oles seg\u00fan la Constituci\u00f3n. Quiz\u00e1s por ese motivo ni lo menciona.<\/em><\/p>\n\n\n\n<p><em>(Que qu\u00e9 listo fuiste pill\u00edn, pues la firmaste porque sab\u00edas que te conven\u00eda).<\/em><\/p>\n\n\n\n<p><em>Deseando que, aunque sea lejos, lo sigas pasando tan bien como siempre, quedamos, los cuatro, a la espera de tus noticias.<\/em><\/p>\n\n\n\n<p><em>Pero que no tarden.<\/em><\/p>\n\n\n\n<p><em>Firman los cuatro expresidentes a\u00fan vivos de los gobiernos de tu reino.\u201d<\/em><\/p>\n\n\n\n<p>(Vale, dejar\u00e9 de so\u00f1ar, pero al menos uno de los cuatro podr\u00eda atreverse).<\/p>\n\n\n\n<p><span style=\"background-color:#010f15\" class=\"td_text_highlight_marker\">Domingo Sanz<\/span><\/p>\n","protected":false},"excerpt":{"rendered":"<p>Ante el sospechoso archivo de la \u201cKitchen\u201d, tertulianos multicolores hablan de la \u201cjusticia garantista\u201d para salvar los muebles de un Estado cuyo Poder Judicial est\u00e1, en el nivel de su Consejo General, okupado por 21 juristas adictos a unos cargos bien retribuidos, pues ya llevan tres a\u00f1os m\u00e1s de los que pone en la ley. [&hellip;]<\/p>\n","protected":false},"author":2,"featured_media":1539,"comment_status":"open","ping_status":"open","sticky":false,"template":"","format":"standard","meta":{"footnotes":""},"categories":[139],"tags":[],"class_list":{"0":"post-3480","1":"post","2":"type-post","3":"status-publish","4":"format-standard","5":"has-post-thumbnail","7":"category-opinio"},"_links":{"self":[{"href":"https:\/\/www.areabesos.com\/diario\/wp-json\/wp\/v2\/posts\/3480","targetHints":{"allow":["GET"]}}],"collection":[{"href":"https:\/\/www.areabesos.com\/diario\/wp-json\/wp\/v2\/posts"}],"about":[{"href":"https:\/\/www.areabesos.com\/diario\/wp-json\/wp\/v2\/types\/post"}],"author":[{"embeddable":true,"href":"https:\/\/www.areabesos.com\/diario\/wp-json\/wp\/v2\/users\/2"}],"replies":[{"embeddable":true,"href":"https:\/\/www.areabesos.com\/diario\/wp-json\/wp\/v2\/comments?post=3480"}],"version-history":[{"count":1,"href":"https:\/\/www.areabesos.com\/diario\/wp-json\/wp\/v2\/posts\/3480\/revisions"}],"predecessor-version":[{"id":3481,"href":"https:\/\/www.areabesos.com\/diario\/wp-json\/wp\/v2\/posts\/3480\/revisions\/3481"}],"wp:featuredmedia":[{"embeddable":true,"href":"https:\/\/www.areabesos.com\/diario\/wp-json\/wp\/v2\/media\/1539"}],"wp:attachment":[{"href":"https:\/\/www.areabesos.com\/diario\/wp-json\/wp\/v2\/media?parent=3480"}],"wp:term":[{"taxonomy":"category","embeddable":true,"href":"https:\/\/www.areabesos.com\/diario\/wp-json\/wp\/v2\/categories?post=3480"},{"taxonomy":"post_tag","embeddable":true,"href":"https:\/\/www.areabesos.com\/diario\/wp-json\/wp\/v2\/tags?post=3480"}],"curies":[{"name":"wp","href":"https:\/\/api.w.org\/{rel}","templated":true}]}}