{"id":3475,"date":"2021-09-10T11:28:31","date_gmt":"2021-09-10T09:28:31","guid":{"rendered":"http:\/\/www.areabesos.com\/diario\/?p=3475"},"modified":"2021-09-10T11:28:31","modified_gmt":"2021-09-10T09:28:31","slug":"el-preu-de-la-llum","status":"publish","type":"post","link":"https:\/\/www.areabesos.com\/diario\/el-preu-de-la-llum\/","title":{"rendered":"El preu de la llum"},"content":{"rendered":"\n<p>Cada dia\u00a0quan\u00a0poso en marxa la televisi\u00f3 nom\u00e9s es\u00a0parla\u00a0principalment del preu de la llum, volia\u00a0comentar que aix\u00f2 no t\u00e9 gens d&#8217;import\u00e0ncia,\u00a0si nom\u00e9s\u00a0tingu\u00e9ssim\u00a0aquest\u00a0problema. Aix\u00f2\u00a0em recorda a\u00a0Alcib\u00edades, quan\u00a0li\u00a0tallen\u00a0la cua al\u00a0gos. Mentre\u00a0tothom es concentra en aquest problema oblida la realitat dels nostres problemes,\u00a0em refereixo a l&#8217;augment de preus del gas, aigua, combustible\u00a0, lloguers\u00a0, atur, preu dels aliments,\u00a0salari m\u00ednim,\u00a0preu dels pisos, sou\u00a0dels pol\u00edtics,\u00a0preu dels enterraments, beques\u00a0per a estudiants,\u00a0ocupaci\u00f3 de pisos,\u00a0immigraci\u00f3, etc., etc. Una vegada dit aix\u00f2\u00a0sembla que\u00a0a Espanya nom\u00e9s hi ha un problema el preu de la llum.<br>Segurament l&#8217;estat s&#8217;encarregar\u00e0\u00a0durant algun temps a normalitzar aquest increment de preus que segurament tindr\u00e0 una soluci\u00f3 molt poc favorable als\u00a0ciutadans. El\u00a0que si vull que quedi clar que la resta dels nostres problemes quedessin en espera. Una vegada\u00a0m\u00e9s\u00a0es demostra que l&#8217;elecci\u00f3 dels nostres pol\u00edtics t\u00e9 una complicada\u00a0soluci\u00f3. Sempre\u00a0ens diuen el que volen fer com ho realitzessin i per\u00a0\u00faltim\u00a0una gran explicaci\u00f3 perqu\u00e8 no s&#8217;ha pogut realitzar.<\/p>\n","protected":false},"excerpt":{"rendered":"<p>Cada dia\u00a0quan\u00a0poso en marxa la televisi\u00f3 nom\u00e9s es\u00a0parla\u00a0principalment del preu de la llum, volia\u00a0comentar que aix\u00f2 no t\u00e9 gens d&#8217;import\u00e0ncia,\u00a0si nom\u00e9s\u00a0tingu\u00e9ssim\u00a0aquest\u00a0problema. Aix\u00f2\u00a0em recorda a\u00a0Alcib\u00edades, quan\u00a0li\u00a0tallen\u00a0la cua al\u00a0gos. Mentre\u00a0tothom es concentra en aquest problema oblida la realitat dels nostres problemes,\u00a0em refereixo a l&#8217;augment de preus del gas, aigua, combustible\u00a0, lloguers\u00a0, atur, preu dels aliments,\u00a0salari m\u00ednim,\u00a0preu dels [&hellip;]<\/p>\n","protected":false},"author":2,"featured_media":3442,"comment_status":"open","ping_status":"open","sticky":false,"template":"","format":"standard","meta":{"footnotes":""},"categories":[139],"tags":[],"class_list":{"0":"post-3475","1":"post","2":"type-post","3":"status-publish","4":"format-standard","5":"has-post-thumbnail","7":"category-opinio"},"_links":{"self":[{"href":"https:\/\/www.areabesos.com\/diario\/wp-json\/wp\/v2\/posts\/3475","targetHints":{"allow":["GET"]}}],"collection":[{"href":"https:\/\/www.areabesos.com\/diario\/wp-json\/wp\/v2\/posts"}],"about":[{"href":"https:\/\/www.areabesos.com\/diario\/wp-json\/wp\/v2\/types\/post"}],"author":[{"embeddable":true,"href":"https:\/\/www.areabesos.com\/diario\/wp-json\/wp\/v2\/users\/2"}],"replies":[{"embeddable":true,"href":"https:\/\/www.areabesos.com\/diario\/wp-json\/wp\/v2\/comments?post=3475"}],"version-history":[{"count":1,"href":"https:\/\/www.areabesos.com\/diario\/wp-json\/wp\/v2\/posts\/3475\/revisions"}],"predecessor-version":[{"id":3476,"href":"https:\/\/www.areabesos.com\/diario\/wp-json\/wp\/v2\/posts\/3475\/revisions\/3476"}],"wp:featuredmedia":[{"embeddable":true,"href":"https:\/\/www.areabesos.com\/diario\/wp-json\/wp\/v2\/media\/3442"}],"wp:attachment":[{"href":"https:\/\/www.areabesos.com\/diario\/wp-json\/wp\/v2\/media?parent=3475"}],"wp:term":[{"taxonomy":"category","embeddable":true,"href":"https:\/\/www.areabesos.com\/diario\/wp-json\/wp\/v2\/categories?post=3475"},{"taxonomy":"post_tag","embeddable":true,"href":"https:\/\/www.areabesos.com\/diario\/wp-json\/wp\/v2\/tags?post=3475"}],"curies":[{"name":"wp","href":"https:\/\/api.w.org\/{rel}","templated":true}]}}