{"id":3466,"date":"2021-09-09T12:35:13","date_gmt":"2021-09-09T10:35:13","guid":{"rendered":"http:\/\/www.areabesos.com\/diario\/?p=3466"},"modified":"2021-09-09T12:35:14","modified_gmt":"2021-09-09T10:35:14","slug":"torna-la-presencialitat-en-els-cursos-de-catala-de-nivell-inicial-i-basic","status":"publish","type":"post","link":"https:\/\/www.areabesos.com\/diario\/torna-la-presencialitat-en-els-cursos-de-catala-de-nivell-inicial-i-basic\/","title":{"rendered":"Torna la presencialitat en els cursos de catal\u00e0 de nivell Inicial i B\u00e0sic"},"content":{"rendered":"\n<p>Amb la voluntat de facilitar la inscripci\u00f3 dels cursos de catal\u00e0 i d\u2019adaptar-se a les necessitats generades per les restriccions de la pand\u00e8mia, el Consorci per a la Normalitzaci\u00f3 Ling\u00fc\u00edstica modifica el per\u00edode d\u2019inscripci\u00f3 de setembre i avan\u00e7a les proves de col\u00b7locaci\u00f3. A partir de l\u20191 i fins al 15 de setembre \u00a0<br><br>La prova de col\u00b7locaci\u00f3 \u00e9s un requisit indispensable per a aquelles persones que tinguin un m\u00ednim coneixement de la llengua, per\u00f2 que no puguin acreditar-lo amb un <a href=\"https:\/\/www.cpnl.cat\/cursos-de-catala\/cursos-generals\/\">curs anterior del CPNL<\/a> o amb un <a href=\"https:\/\/llengua.gencat.cat\/ca\/serveis\/acreditacio_coneixements\/certificats_de_catala\/informacio_sobre_els_certificats\/\">certificat oficial<\/a> de la Secretaria de Pol\u00edtica Ling\u00fc\u00edstica. Mitjan\u00e7ant aquesta prova, s\u2019assigna el curs m\u00e9s adequat segons els coneixements a la persona.\u00a0<br><br>La propera inscripci\u00f3 als cursos de catal\u00e0 comen\u00e7ar\u00e0 el 6 de setembre, de manera preferent per als alumnes del CPNL del darrer any, i a partir del 13 de setembre per al p\u00fablic en general. La inscripci\u00f3 es tancar\u00e0 el dia 15 de setembre. La <a href=\"https:\/\/www.cpnl.cat\/xarxa\/cnlbadalona\/cursos-de-catala\/\">informaci\u00f3 per a la inscripci\u00f3<\/a> ja es pot consultar a la p\u00e0gina web.\u00a0<\/p>\n\n\n\n<p>El Consorci per a la Normalitzaci\u00f3 Ling\u00fc\u00edstica posa en marxa un nou per\u00edode d&#8217;inscripcions per als cursos de tardor. El proc\u00e9s d&#8217;inscripcions es desdobla en dos per\u00edodes: del 6 al 9 de setembre s&#8217;atendran les persones que acaben de fer un curs al Consorci i que volen continuar el proc\u00e9s d&#8217;aprenentatge, i del 13 al 15 de setembre, les inscripcions seran per al p\u00fablic en general. A m\u00e9s, ja es poden sol\u00b7licitar de a la <a href=\"https:\/\/www.cpnl.cat\/xarxa\/cnlbadalona\/cursos-de-catala\/\">p\u00e0gina web<\/a> del CNL de Badalona i Sant Adri\u00e0 les proves de col\u00b7locaci\u00f3 (per a les persones que no saben quin nivell els correspon fer), que s\u00f3n gratu\u00eftes i es fan en l\u00ednia o b\u00e9 al SLC de <a href=\"https:\/\/www.cpnl.cat\/xarxa\/cnlbadalona\/directori\/245\/slc-de-badalona\">Badalona<\/a> o al de <a href=\"https:\/\/www.cpnl.cat\/xarxa\/cnlbadalona\/directori\/246\/slc-de-sant-adria-de-besos\">Sant Adri\u00e0<\/a>. La <a href=\"https:\/\/www.cpnl.cat\/xarxa\/cnlbadalona\/cursos-de-catala\/\">informaci\u00f3 per a la inscripci\u00f3<\/a> ja es pot consultar a la p\u00e0gina web.\u00a0<\/p>\n\n\n\n<p>AL CNL de Badalona i Sant Adri\u00e0 s&#8217;ofereixen cursos a les dues poblacions. Una de les novetats d&#8217;aquest setembre \u00e9s la tornada a la presencialitat d&#8217;alguns cursos, sobretot dels nivells Inicial i B\u00e0sic en qu\u00e8 s&#8217;ha fet un esfor\u00e7 per poder oferir en aquests nivells m\u00e9s baixos la tornada a les aules. Tot i aix\u00ed, aquests nivells tamb\u00e9 s&#8217;oferiran de manera telem\u00e0tica, com la resta de nivells, per a les persones que prefereixin els cursos en l\u00ednia. L&#8217;oferta formativa d&#8217;aquest per\u00edode de matr\u00edcules inclou tots els nivells des de l&#8217;Inicial fins al Superior (C2).&nbsp;<\/p>\n\n\n\n<p>A banda, tamb\u00e9 s&#8217;oferiran cursos destinats a persones aturades i finan\u00e7ats pel SOC, que seran 50% virtuals i 50% en l\u00ednia, i tamb\u00e9 cursos finan\u00e7ats per la Secretaria per a la Igualtat, Migracions i Ciutadania i l\u2019Ajuntament de Badalona. Aquests cursos s&#8217;oferiran els dissabtes per atendre les persones que no poden fer el curs entre setmana.&nbsp;<\/p>\n\n\n\n<p><strong>Proves de col\u00b7locaci\u00f3<\/strong>&nbsp;<\/p>\n\n\n\n<p>Amb la voluntat de facilitar la inscripci\u00f3 dels cursos de catal\u00e0 i d&#8217;adaptar tots els serveis a les necessitats generades en les diferents fases de restriccions per la pand\u00e8mia, el Consorci per a la Normalitzaci\u00f3 Ling\u00fc\u00edstica (CPNL) va avan\u00e7ar les proves de col\u00b7locaci\u00f3 al mes de juliol i les reprendr\u00e0 de l&#8217;1 al 15 de setembre. Es poden sol\u00b7licitar a la <a href=\"https:\/\/www.cpnl.cat\/cursos-de-catala\/sol-licitud-de-prova-de-col-locacio\/\">p\u00e0gina web<\/a> del CPNL.&nbsp;<\/p>\n\n\n\n<p>La prova de col\u00b7locaci\u00f3 \u00e9s un requisit indispensable per a aquelles persones que tinguin un m\u00ednim coneixement de la llengua, per\u00f2 que no puguin justificar-lo amb un <a href=\"https:\/\/www.cpnl.cat\/cursos-de-catala\/cursos-generals\/\">curs anterior del CPNL<\/a> o amb un <a href=\"https:\/\/llengua.gencat.cat\/ca\/serveis\/acreditacio_coneixements\/certificats_de_catala\/informacio_sobre_els_certificats\/\">certificat oficial<\/a> de la Secretaria de Pol\u00edtica Ling\u00fc\u00edstica.&nbsp;<\/p>\n\n\n\n<p>D&#8217;aquesta manera, esponjant la sol\u00b7licitud de proves i allargant el per\u00edode per realitzar-les, es faciliten les gestions de la inscripci\u00f3 als cursos de catal\u00e0 del mes de setembre. La prova de col\u00b7locaci\u00f3 \u00e9s gratu\u00efta i es pot escollir si es fa en l\u00ednia o en un <a href=\"https:\/\/www.cpnl.cat\/xarxa\/centres\/\">centre de normalitzaci\u00f3 ling\u00fc\u00edstica proper<\/a>.&nbsp;<\/p>\n\n\n\n<p><strong>Mesures de millora&nbsp;<\/strong><\/p>\n\n\n\n<p>Aquesta iniciativa s&#8217;afegeix a altres mesures que el CPNL ja ha tirat endavant durant els mesos de pand\u00e8mia, com la inscripci\u00f3 en l\u00ednia, el refor\u00e7 de l&#8217;atenci\u00f3 ciutadana, la virtualitzaci\u00f3 dels cursos presencials, el replantejament de tots els recursos did\u00e0ctics, la disminuci\u00f3 de la r\u00e0tio d&#8217;alumnes per curs i l&#8217;impuls de les modalitats d&#8217;aprenentatge semivirtual i en l\u00ednia.&nbsp;<\/p>\n\n\n\n<p>La situaci\u00f3 d&#8217;emerg\u00e8ncia sanit\u00e0ria ha fet adaptar l&#8217;oferta formativa del Consorci, que combina diferents modalitats diferents: la presencial 100 % presencial; la semivirtual, que compta amb un 50 % de sessions s\u00edncrones i un 50 % d&#8217;aprenentatge aut\u00f2nom, i la modalitat en l\u00ednia, que consisteix en l&#8217;aprenentatge aut\u00f2nom i el seguiment as\u00edncron per part del tutor.&nbsp;<\/p>\n\n\n\n<p>La durada preferent dels cursos continua sent trimestral de 45 hores, per b\u00e9 que tamb\u00e9 n&#8217;hi ha de 90 hores, com el curs de catal\u00e0 superior (certificat C2).&nbsp;<\/p>\n","protected":false},"excerpt":{"rendered":"<p>Amb la voluntat de facilitar la inscripci\u00f3 dels cursos de catal\u00e0 i d\u2019adaptar-se a les necessitats generades per les restriccions de la pand\u00e8mia, el Consorci per a la Normalitzaci\u00f3 Ling\u00fc\u00edstica modifica el per\u00edode d\u2019inscripci\u00f3 de setembre i avan\u00e7a les proves de col\u00b7locaci\u00f3. A partir de l\u20191 i fins al 15 de setembre \u00a0 La prova [&hellip;]<\/p>\n","protected":false},"author":2,"featured_media":3467,"comment_status":"open","ping_status":"open","sticky":false,"template":"","format":"standard","meta":{"footnotes":""},"categories":[134],"tags":[],"class_list":{"0":"post-3466","1":"post","2":"type-post","3":"status-publish","4":"format-standard","5":"has-post-thumbnail","7":"category-actualitat"},"_links":{"self":[{"href":"https:\/\/www.areabesos.com\/diario\/wp-json\/wp\/v2\/posts\/3466","targetHints":{"allow":["GET"]}}],"collection":[{"href":"https:\/\/www.areabesos.com\/diario\/wp-json\/wp\/v2\/posts"}],"about":[{"href":"https:\/\/www.areabesos.com\/diario\/wp-json\/wp\/v2\/types\/post"}],"author":[{"embeddable":true,"href":"https:\/\/www.areabesos.com\/diario\/wp-json\/wp\/v2\/users\/2"}],"replies":[{"embeddable":true,"href":"https:\/\/www.areabesos.com\/diario\/wp-json\/wp\/v2\/comments?post=3466"}],"version-history":[{"count":1,"href":"https:\/\/www.areabesos.com\/diario\/wp-json\/wp\/v2\/posts\/3466\/revisions"}],"predecessor-version":[{"id":3468,"href":"https:\/\/www.areabesos.com\/diario\/wp-json\/wp\/v2\/posts\/3466\/revisions\/3468"}],"wp:featuredmedia":[{"embeddable":true,"href":"https:\/\/www.areabesos.com\/diario\/wp-json\/wp\/v2\/media\/3467"}],"wp:attachment":[{"href":"https:\/\/www.areabesos.com\/diario\/wp-json\/wp\/v2\/media?parent=3466"}],"wp:term":[{"taxonomy":"category","embeddable":true,"href":"https:\/\/www.areabesos.com\/diario\/wp-json\/wp\/v2\/categories?post=3466"},{"taxonomy":"post_tag","embeddable":true,"href":"https:\/\/www.areabesos.com\/diario\/wp-json\/wp\/v2\/tags?post=3466"}],"curies":[{"name":"wp","href":"https:\/\/api.w.org\/{rel}","templated":true}]}}