{"id":3456,"date":"2021-09-08T12:05:00","date_gmt":"2021-09-08T10:05:00","guid":{"rendered":"http:\/\/www.areabesos.com\/diario\/?p=3456"},"modified":"2021-09-09T12:07:28","modified_gmt":"2021-09-09T10:07:28","slug":"homenatges-a-tres-adrianencs-que-van-ser-deportats-a-camps-nazis","status":"publish","type":"post","link":"https:\/\/www.areabesos.com\/diario\/homenatges-a-tres-adrianencs-que-van-ser-deportats-a-camps-nazis\/","title":{"rendered":"Homenatges a tres adrianencs que van ser deportats a camps nazis"},"content":{"rendered":"\n<p>l 7 de setembre va tenir lloc la descoberta de les tres llambordes stolpersteine al refugi de la placeta Maci\u00e0, en record de tres persones del municipi deportades als camps nazis:&nbsp;<strong>Jos\u00e9<\/strong>&nbsp;<strong>\u00c1lvarez Men\u00e9ndez, Alfredo Rionda Men\u00e9ndez i Antonio Conesa Montes<\/strong>.<\/p>\n\n\n\n<p>A l\u2019acte<strong>hi van assistir<\/strong>&nbsp;la consellera de Just\u00edcia,&nbsp;<strong>Lourdes Ciur\u00f3<\/strong>;&nbsp;l\u2019alcaldessa de Sant Adri\u00e0 de Bes\u00f2s,&nbsp;<strong>Filo Ca\u00f1ete<\/strong>;&nbsp;el director general de Mem\u00f2ria Democr\u00e0tica,&nbsp;<strong>Antoni Font;<\/strong>&nbsp;el director de Memorial Democr\u00e0tic,&nbsp;<strong>Jordi Font;&nbsp;<\/strong><strong>el subdirector de Mem\u00f2ria Democr\u00e0tica,&nbsp;<\/strong>\u00c0lex Quintana&nbsp;i el director gerent de la Fundaci\u00f3 b_Tec,&nbsp;<strong>Jordi Bosch,&nbsp;<\/strong>entre altres representants<strong>.<\/strong><\/p>\n\n\n\n<p><strong>Filo Ca\u00f1ete<\/strong>,\u00a0va agrair a la Generalitat la seva implicaci\u00f3 en el Memorial i a l\u2019artista, Gunter Demnig, que no va poder assistir, aquesta iniciativa de caire internacional.\u00a0L\u2019 alcaldessa va assenyalar que el projecte Stolpersteine \u00abcontribuir\u00e0 a fer m\u00e9s visible la realitat dels represaliats en els diferents contextos hist\u00f2rics i en un lloc emblem\u00e0tic per a la ciutat, pel seu significat, com \u00e9s el refugi antiaeri. Aquesta \u00e9s una iniciativa que se suma a altres com el monument\u00a0<strong>memorial Bosc d\u2019empremtes,<\/strong>\u00a0que s\u2019ubicar\u00e0 als jardins al costat de Escola d&#8217;Enginyeria de Barcelona Est\u00a0(EEBE), per difondre i preservar la mem\u00f2ria hist\u00f2rica, un objectiu pel qual han de vetllar les administracions p\u00fabliques\u00bb.<\/p>\n\n\n\n<figure class=\"wp-block-image size-full\"><img loading=\"lazy\" decoding=\"async\" width=\"900\" height=\"675\" src=\"https:\/\/www.areabesos.com\/diario\/wp-content\/uploads\/2021\/09\/homenatge_deportats02.jpeg\" alt=\"\" class=\"wp-image-3457\" srcset=\"https:\/\/www.areabesos.com\/diario\/wp-content\/uploads\/2021\/09\/homenatge_deportats02.jpeg 900w, https:\/\/www.areabesos.com\/diario\/wp-content\/uploads\/2021\/09\/homenatge_deportats02-300x225.jpeg 300w, https:\/\/www.areabesos.com\/diario\/wp-content\/uploads\/2021\/09\/homenatge_deportats02-768x576.jpeg 768w, https:\/\/www.areabesos.com\/diario\/wp-content\/uploads\/2021\/09\/homenatge_deportats02-150x113.jpeg 150w, https:\/\/www.areabesos.com\/diario\/wp-content\/uploads\/2021\/09\/homenatge_deportats02-696x522.jpeg 696w\" sizes=\"auto, (max-width: 900px) 100vw, 900px\" \/><\/figure>\n\n\n\n<h3 class=\"wp-block-heading\"><strong>Un projecte internacional que relaciona art i mem\u00f2ria<\/strong><\/h3>\n\n\n\n<p>Les llambordes stolpersteine s\u00f3n micromonuments urbans creats per l\u2019artista alemany G\u00fcnter Demnig en record a totes les persones i perseguides pel nazisme. Es tracta d\u2019uns blocs de ciment, d\u2019aproximadamente 10 cm x 10 cm, amb una placa de llaut\u00f3 daurat on hi ha gravades les dades de les persones detingudes i deportades.<\/p>\n\n\n\n<p>Des de l\u2019any 2017 el memorial Democr\u00e0tic coordina la implantaci\u00f3 del projecte Stolpersteine a Catalunya. Est\u00e0 previst que, d\u2019aqu\u00ed a finals d\u2019any s\u2019instal\u00b7lin 60 noves llambordes a Catalunya.<\/p>\n\n\n\n<figure class=\"wp-block-image size-full\"><img loading=\"lazy\" decoding=\"async\" width=\"900\" height=\"675\" src=\"https:\/\/www.areabesos.com\/diario\/wp-content\/uploads\/2021\/09\/homenatge_deportats03.jpeg\" alt=\"\" class=\"wp-image-3458\" srcset=\"https:\/\/www.areabesos.com\/diario\/wp-content\/uploads\/2021\/09\/homenatge_deportats03.jpeg 900w, https:\/\/www.areabesos.com\/diario\/wp-content\/uploads\/2021\/09\/homenatge_deportats03-300x225.jpeg 300w, https:\/\/www.areabesos.com\/diario\/wp-content\/uploads\/2021\/09\/homenatge_deportats03-768x576.jpeg 768w, https:\/\/www.areabesos.com\/diario\/wp-content\/uploads\/2021\/09\/homenatge_deportats03-150x113.jpeg 150w, https:\/\/www.areabesos.com\/diario\/wp-content\/uploads\/2021\/09\/homenatge_deportats03-696x522.jpeg 696w\" sizes=\"auto, (max-width: 900px) 100vw, 900px\" \/><\/figure>\n\n\n\n<h3 class=\"wp-block-heading\"><strong>Visita als Jardins de Can Llima on es construir\u00e0 el monument memorial Bosc d\u2019empremtes<\/strong><\/h3>\n\n\n\n<p>La consellera de Just\u00edcia i l\u2019alcaldessa de Sant Adri\u00e0 van visitar tamb\u00e9 l\u2019espai on es construir\u00e0 el futur monument memorial<strong>&nbsp;Bosc d&#8217;empremtes<\/strong>, als Jardins de Can Llima (Campus Diagonal-Bes\u00f2s), on van escoltar l\u2019explicaci\u00f3 de l\u2019artista, Francesc Abad, sobre el projecte i la seva evoluci\u00f3.<\/p>\n\n\n\n<p>L\u2019obra evoca un raspall disposat de cap per amunt sobre una empremta dactilar. \u00c9s una imatge inspirada en la cita \u201ccal passar el raspall a contrapel per la hist\u00f2ria\u201d, del fil\u00f2sof judeoalemany Walter Benjamin. El monument&nbsp;<strong>Bosc d\u2019empremtes<\/strong>&nbsp;estar\u00e0 format per 1.686 tubs de ferro disposats en 36 fileres. Cada tub tindr\u00e0 6 metres d\u2019al\u00e7ada i 50 mil\u00b7l\u00edmetres de di\u00e0metre. Estaran situats sobre una empremta digital de 12 metres de llargada i gaireb\u00e9 8 metres d\u2019amplada. L\u2019empremta i els tubs representen la singularitat de cadascuna de les 1.686 persones que van ser afusellades pel franquisme al Camp de la Bota, entre 1939 i 1952.<\/p>\n","protected":false},"excerpt":{"rendered":"<p>l 7 de setembre va tenir lloc la descoberta de les tres llambordes stolpersteine al refugi de la placeta Maci\u00e0, en record de tres persones del municipi deportades als camps nazis:&nbsp;Jos\u00e9&nbsp;\u00c1lvarez Men\u00e9ndez, Alfredo Rionda Men\u00e9ndez i Antonio Conesa Montes. A l\u2019actehi van assistir&nbsp;la consellera de Just\u00edcia,&nbsp;Lourdes Ciur\u00f3;&nbsp;l\u2019alcaldessa de Sant Adri\u00e0 de Bes\u00f2s,&nbsp;Filo Ca\u00f1ete;&nbsp;el director general [&hellip;]<\/p>\n","protected":false},"author":2,"featured_media":3459,"comment_status":"open","ping_status":"open","sticky":false,"template":"","format":"standard","meta":{"footnotes":""},"categories":[134],"tags":[],"class_list":{"0":"post-3456","1":"post","2":"type-post","3":"status-publish","4":"format-standard","5":"has-post-thumbnail","7":"category-actualitat"},"_links":{"self":[{"href":"https:\/\/www.areabesos.com\/diario\/wp-json\/wp\/v2\/posts\/3456","targetHints":{"allow":["GET"]}}],"collection":[{"href":"https:\/\/www.areabesos.com\/diario\/wp-json\/wp\/v2\/posts"}],"about":[{"href":"https:\/\/www.areabesos.com\/diario\/wp-json\/wp\/v2\/types\/post"}],"author":[{"embeddable":true,"href":"https:\/\/www.areabesos.com\/diario\/wp-json\/wp\/v2\/users\/2"}],"replies":[{"embeddable":true,"href":"https:\/\/www.areabesos.com\/diario\/wp-json\/wp\/v2\/comments?post=3456"}],"version-history":[{"count":1,"href":"https:\/\/www.areabesos.com\/diario\/wp-json\/wp\/v2\/posts\/3456\/revisions"}],"predecessor-version":[{"id":3460,"href":"https:\/\/www.areabesos.com\/diario\/wp-json\/wp\/v2\/posts\/3456\/revisions\/3460"}],"wp:featuredmedia":[{"embeddable":true,"href":"https:\/\/www.areabesos.com\/diario\/wp-json\/wp\/v2\/media\/3459"}],"wp:attachment":[{"href":"https:\/\/www.areabesos.com\/diario\/wp-json\/wp\/v2\/media?parent=3456"}],"wp:term":[{"taxonomy":"category","embeddable":true,"href":"https:\/\/www.areabesos.com\/diario\/wp-json\/wp\/v2\/categories?post=3456"},{"taxonomy":"post_tag","embeddable":true,"href":"https:\/\/www.areabesos.com\/diario\/wp-json\/wp\/v2\/tags?post=3456"}],"curies":[{"name":"wp","href":"https:\/\/api.w.org\/{rel}","templated":true}]}}