{"id":3453,"date":"2021-09-07T12:05:06","date_gmt":"2021-09-07T10:05:06","guid":{"rendered":"http:\/\/www.areabesos.com\/diario\/?p=3453"},"modified":"2021-09-07T12:05:06","modified_gmt":"2021-09-07T10:05:06","slug":"demasiado-teatro-politico-judicial","status":"publish","type":"post","link":"https:\/\/www.areabesos.com\/diario\/demasiado-teatro-politico-judicial\/","title":{"rendered":"Demasiado teatro pol\u00edtico-judicial"},"content":{"rendered":"\n<p>Hace m\u00e1s de mil d\u00edas que finalizaron los mandatos en el CGPJ y, a diferencia de cualquier trabajador temporal sometido a la misma Constituci\u00f3n, sus miembros siguen cobrando. Es demagogia, pero mucho m\u00e1s caro nos cuesta el abuso.<\/p>\n\n\n\n<p>Tan caro, que Casado se permiti\u00f3 decir el 2 de septiembre \u201cque S\u00e1nchez abandone toda esperanza de renovar el CGPJ\u201d, el d\u00eda 4 que \u201cel problema es de S\u00e1nchez, no nuestro\u201d y, en medio, la prensa titulaba que \u201cCasado emplaza a S\u00e1nchez a renovar el poder judicial si acepta un cambio de modelo\u201d.<\/p>\n\n\n\n<p>Por su parte, el Gobierno pide al PP que cumpla con la norma vigente, pues los cargos ocupados por personas han de renovarse cuando vencen, pero las leyes solo pueden reformarse si hay consenso. Si, por falta de acuerdo, las leyes decayeran en cierta fecha, la que terminar\u00eda rigiendo ser\u00eda la de la selva.<\/p>\n\n\n\n<p>En cambio, guarda silencio Abascal ante un problema que, con los esca\u00f1os que tiene, tambi\u00e9n podr\u00eda ayudar a resolver. Est\u00e1 tan contento con sentencias como la del TC contra el Estado de Alarma que no quiere molestar a quienes tanto le ayudan. Y viceversa quiz\u00e1s.<\/p>\n\n\n\n<p>Y puede que tambi\u00e9n haya le\u00eddo usted a expertos como P\u00e9rez Royo o Escolar recordando que el PP siempre bloque\u00f3 los nombramientos judiciales cuando gast\u00f3 oposici\u00f3n, como ahora, algo que nunca hizo el PSOE.<\/p>\n\n\n\n<p>Como lo que nos recuerdan los expertos es verdad, si no queremos llamar tontos a los del PSOE por regalar al adversario sus esca\u00f1os durante tantos a\u00f1os, lo \u00fanico que podemos pensar es que el PP y el PSOE son u\u00f1a y carne, excepto para asuntos menores.<\/p>\n\n\n\n<p>Estamos ante un teatro protagonizado por malos que resisten contra deficientes que no pueden, o tampoco quieren.<\/p>\n\n\n\n<p>En tiempos dijo el PSOE que no deber\u00edan judicializarse conflictos pol\u00edticos como el catal\u00e1n. En cambio, el pasado 26 de mayo S\u00e1nchez declar\u00f3 que \u201chay un tiempo para el castigo y otro para la concordia\u201d, lo que significa que ment\u00edan, pues el \u201ccastigo\u201d era la judicializaci\u00f3n.<\/p>\n\n\n\n<p>Pero, \u00bfqu\u00e9 ha ocurrido durante los \u00faltimos mil d\u00edas para que, al rid\u00edculo mundial de un ex rey huido de la justicia por un pacto oculto entre un gobierno \u201cprogresista\u201d y el rey actual, se a\u00f1ada la verg\u00fcenza de un poder judicial gobernado por okupas adictos al cargo?<\/p>\n\n\n\n<p>Mil d\u00edas antes se cerraba 2018, con S\u00e1nchez en La Moncloa y un T. Supremo preparando su gran juicio. \u00bfQui\u00e9n se atrever\u00eda entonces a desestabilizar a unos jueces que est\u00e1n defendiendo la unidad de la patria?<\/p>\n\n\n\n<p>Nadie, y menos que nadie, un Pedro S\u00e1nchez que se envain\u00f3 en 24 horas una moci\u00f3n contra Soraya por las cargas del 1-O en Catalunya. \u00bfConocedor de su cobard\u00eda, le puede extra\u00f1ar a S\u00e1nchez que un inconstitucional Lesmes le haya acusado en p\u00fablico de falta de \u201cpatriotismo constitucional\u201d?<\/p>\n\n\n\n<p>\u00bfY qu\u00e9 pol\u00edtico est\u00e1 haciendo ahora lo mismo que, ante el mismo conflicto judicial, hizo S\u00e1nchez hace 1.000, 900, 800 y 700 d\u00edas?<\/p>\n\n\n\n<p>Seguro que usted sabe que ya ha le\u00eddo aqu\u00ed el nombre de ese pol\u00edtico, pues tambi\u00e9n sabe que se parecen demasiado todos los que ponen circunstancias, como las l\u00edneas de un mapa, por encima de la democracia.<\/p>\n\n\n\n<p>Pero a\u00fan hubo m\u00e1s trampa en el comportamiento de este PSOE sobre la renovaci\u00f3n de los jueces, y muy poca visi\u00f3n pol\u00edtica de UP.<\/p>\n\n\n\n<p>Hace 800 d\u00edas, por ejemplo, S\u00e1nchez e Iglesias andaban negociando La Moncloa con los esca\u00f1os conseguidos en las urnas del 28 de abril de 2019.<\/p>\n\n\n\n<figure class=\"wp-block-table\"><table><tbody><tr><td><strong>Esca\u00f1os totales<\/strong><\/td><td><strong>28 abril 2019<\/strong><\/td><td><strong>10 Noviembre2019<\/strong><\/td><td><strong>Difer<\/strong><\/td><\/tr><tr><td><strong>PSOE + UP + Otros Izda.<\/strong><\/td><td>166<\/td><td>158<\/td><td>-8<\/td><\/tr><tr><td><strong>PP + Vox + Navarra Suma<\/strong><\/td><td>92<\/td><td>143<\/td><td>+51<\/td><\/tr><tr><td><strong>Ciudadanos<\/strong><\/td><td>57<\/td><td>10<\/td><td>-47<\/td><\/tr><tr><td><strong>Nacionalistas y otros<\/strong><\/td><td>35<\/td><td>39<\/td><td>+4<\/td><\/tr><tr><td><strong>TOTALES<\/strong><\/td><td><strong>350<\/strong><\/td><td><strong>350<\/strong><\/td><td><strong>0<\/strong><\/td><\/tr><\/tbody><\/table><\/figure>\n\n\n\n<p>Estos n\u00fameros revelan que, para conseguir los 2\/3 necesarios, con los esca\u00f1os de abril S\u00e1nchez hubiera podido prescindir del PP pues hasta sumando los de Vox les faltaban 25 para bloquear nombramientos. S\u00ed que hubiera necesitado de un Rivera que a\u00fan seguir\u00eda en pol\u00edtica, pero siempre habr\u00eda sido m\u00e1s f\u00e1cil negociar con una derecha dividida en tres que contra los 143 esca\u00f1os de PP m\u00e1s Vox hoy.<\/p>\n\n\n\n<p>Es decir, con los mandatos del CGPJ vencidos hac\u00eda cientos de d\u00edas, S\u00e1nchez e Iglesias dejaron morir un Congreso mucho m\u00e1s favorable para resolver un conflicto que sab\u00edan que degradar\u00eda a\u00fan m\u00e1s la situaci\u00f3n pol\u00edtica.<\/p>\n\n\n\n<p>Esos periodos durante los que lo nuevo no acaba de nacer porque lo viejo no acaba de morir terminan derrotando a sus protagonistas principales. En las presentes circunstancias, tan inestables, recordamos los 55 meses al frente del Gobierno que dur\u00f3 Su\u00e1rez, uno que dej\u00f3 a medias su tarea, a la luz de los escasos 40 que aguanta S\u00e1nchez, este con menos esca\u00f1os en el Congreso.&nbsp;<\/p>\n\n\n\n<p>Si S\u00e1nchez pudiera&nbsp;recordar&nbsp;el miedo que impuls\u00f3 aquel abrazo tras las urnas del 10N con un Iglesias hoy \u201cmuerto\u201d, quiz\u00e1s comprender\u00eda que convocar ya la reforma de la Constituci\u00f3n es lo \u00fanico que movilizar\u00e1 esa parte decisiva del electorado que necesita ver firmeza y osad\u00eda en la coalici\u00f3n gubernamental.<\/p>\n\n\n\n<p>De lo contrario, la derrota es segura y el bipartidismo que volver\u00e1 tendr\u00e1 en la otra mitad, y gobernando, a franquistas sin disfraces ni complejos y apoyados por Leguinas y desde La Zarzuela.\u00a0Demasiado peligro para la democracia.<\/p>\n\n\n\n<p><span style=\"background-color:#00080c\" class=\"td_text_highlight_marker\">Domingo Sanz<\/span><\/p>\n","protected":false},"excerpt":{"rendered":"<p>Hace m\u00e1s de mil d\u00edas que finalizaron los mandatos en el CGPJ y, a diferencia de cualquier trabajador temporal sometido a la misma Constituci\u00f3n, sus miembros siguen cobrando. Es demagogia, pero mucho m\u00e1s caro nos cuesta el abuso. Tan caro, que Casado se permiti\u00f3 decir el 2 de septiembre \u201cque S\u00e1nchez abandone toda esperanza de [&hellip;]<\/p>\n","protected":false},"author":2,"featured_media":1539,"comment_status":"open","ping_status":"open","sticky":false,"template":"","format":"standard","meta":{"footnotes":""},"categories":[139],"tags":[],"class_list":{"0":"post-3453","1":"post","2":"type-post","3":"status-publish","4":"format-standard","5":"has-post-thumbnail","7":"category-opinio"},"_links":{"self":[{"href":"https:\/\/www.areabesos.com\/diario\/wp-json\/wp\/v2\/posts\/3453","targetHints":{"allow":["GET"]}}],"collection":[{"href":"https:\/\/www.areabesos.com\/diario\/wp-json\/wp\/v2\/posts"}],"about":[{"href":"https:\/\/www.areabesos.com\/diario\/wp-json\/wp\/v2\/types\/post"}],"author":[{"embeddable":true,"href":"https:\/\/www.areabesos.com\/diario\/wp-json\/wp\/v2\/users\/2"}],"replies":[{"embeddable":true,"href":"https:\/\/www.areabesos.com\/diario\/wp-json\/wp\/v2\/comments?post=3453"}],"version-history":[{"count":1,"href":"https:\/\/www.areabesos.com\/diario\/wp-json\/wp\/v2\/posts\/3453\/revisions"}],"predecessor-version":[{"id":3454,"href":"https:\/\/www.areabesos.com\/diario\/wp-json\/wp\/v2\/posts\/3453\/revisions\/3454"}],"wp:featuredmedia":[{"embeddable":true,"href":"https:\/\/www.areabesos.com\/diario\/wp-json\/wp\/v2\/media\/1539"}],"wp:attachment":[{"href":"https:\/\/www.areabesos.com\/diario\/wp-json\/wp\/v2\/media?parent=3453"}],"wp:term":[{"taxonomy":"category","embeddable":true,"href":"https:\/\/www.areabesos.com\/diario\/wp-json\/wp\/v2\/categories?post=3453"},{"taxonomy":"post_tag","embeddable":true,"href":"https:\/\/www.areabesos.com\/diario\/wp-json\/wp\/v2\/tags?post=3453"}],"curies":[{"name":"wp","href":"https:\/\/api.w.org\/{rel}","templated":true}]}}