{"id":3450,"date":"2021-09-06T11:52:48","date_gmt":"2021-09-06T09:52:48","guid":{"rendered":"http:\/\/www.areabesos.com\/diario\/?p=3450"},"modified":"2021-09-06T11:52:48","modified_gmt":"2021-09-06T09:52:48","slug":"el-mhic-suneix-a-les-celebracions-del-90e-aniversari-de-la-ii-republica","status":"publish","type":"post","link":"https:\/\/www.areabesos.com\/diario\/el-mhic-suneix-a-les-celebracions-del-90e-aniversari-de-la-ii-republica\/","title":{"rendered":"El MhiC s&#8217;uneix a les celebracions del 90\u00e8 aniversari de la II Rep\u00fablica"},"content":{"rendered":"\n<p>Des del dia 6 de setembre fins al 30 d\u2019octubre, podreu gaudir de l\u2019exposici\u00f3 <em>1936-1980. Tres generaciones bajo el mismo techo<\/em> de l\u2019autor Jaime Mart\u00edn, a la Sala Petita del Museu d\u2019hist\u00f2ria de la immigraci\u00f3 a Catalunya (MhiC).&nbsp;<\/p>\n\n\n\n<p>L\u2019exposici\u00f3, comissariada per Cornell\u00e0 C\u00f2mic, s\u2019inscriu dins del cicle d\u2019activitats de <em>Vinyetes migrants. C\u00f2mic, migraci\u00f3 i mem\u00f2ria <\/em>que el MhiCest\u00e0 portant a terme des del passat mes de mar\u00e7 sota la coordinaci\u00f3 de Lilianna Mar\u00edn de Mas i David Fern\u00e1ndez de Arriba.<\/p>\n\n\n\n<p>Tanmateix des del Museu s\u2019ha volgut cercar un recurs per donar suport a la celebraci\u00f3 del 90\u00e8 aniversari de la proclamaci\u00f3 de la Segona Rep\u00fablica. D\u2019aquesta manera, inicia la tardor amb la commemoraci\u00f3 d\u2019aquesta efem\u00e8ride acompanyada tamb\u00e9 per altres activitats expositives que aviat se celebraran a l\u2019Arxiu Municipal de Sant Adri\u00e0 de Bes\u00f2s \u00abIsabel Rojas Castroverde\u00bb.<\/p>\n\n\n\n<p><strong>L\u2019exposici\u00f3<\/strong><\/p>\n\n\n\n<p>L&#8217;exposici\u00f3 <em>1936-1980: Tres generaciones bajo un mismo techo<\/em>, mostra la trilogia de l&#8217;autor Jaime Mart\u00edn, de la qual formen part els c\u00f2mics <em>Jam\u00e1s tendr\u00e9 20 a\u00f1os<\/em>, <em>Las guerras silenciosas<\/em> i <em>Siempre tendremos 20 a\u00f1os<\/em>. Tots ells inspirats en la seva fam\u00edlia. A partir de la construcci\u00f3 del relat familiar vinculat amb la casa que ha reunir aquestes tres generacions, Jaime Mart\u00edn ens condueix per la historia mes recent d\u2019Espanya: des del final de la Rep\u00fablica i la fugida dels seus avis cap a Catalunya, passant pel llarg r\u00e8gim franquista i acabant amb la transici\u00f3, \u00e8poca que coincideix amb la joventut de l\u2019autor. D\u2019aquesta manera, Jaime Mart\u00edn crea un vincle generacional on mostra tant les difer\u00e8ncies com les similituds entre la seva hist\u00f2ria, la dels seus pares i la dels seus avis.<\/p>\n","protected":false},"excerpt":{"rendered":"<p>Des del dia 6 de setembre fins al 30 d\u2019octubre, podreu gaudir de l\u2019exposici\u00f3 1936-1980. Tres generaciones bajo el mismo techo de l\u2019autor Jaime Mart\u00edn, a la Sala Petita del Museu d\u2019hist\u00f2ria de la immigraci\u00f3 a Catalunya (MhiC).&nbsp; L\u2019exposici\u00f3, comissariada per Cornell\u00e0 C\u00f2mic, s\u2019inscriu dins del cicle d\u2019activitats de Vinyetes migrants. C\u00f2mic, migraci\u00f3 i mem\u00f2ria [&hellip;]<\/p>\n","protected":false},"author":2,"featured_media":3451,"comment_status":"open","ping_status":"open","sticky":false,"template":"","format":"standard","meta":{"footnotes":""},"categories":[134,136],"tags":[],"class_list":{"0":"post-3450","1":"post","2":"type-post","3":"status-publish","4":"format-standard","5":"has-post-thumbnail","7":"category-actualitat","8":"category-cultura"},"_links":{"self":[{"href":"https:\/\/www.areabesos.com\/diario\/wp-json\/wp\/v2\/posts\/3450","targetHints":{"allow":["GET"]}}],"collection":[{"href":"https:\/\/www.areabesos.com\/diario\/wp-json\/wp\/v2\/posts"}],"about":[{"href":"https:\/\/www.areabesos.com\/diario\/wp-json\/wp\/v2\/types\/post"}],"author":[{"embeddable":true,"href":"https:\/\/www.areabesos.com\/diario\/wp-json\/wp\/v2\/users\/2"}],"replies":[{"embeddable":true,"href":"https:\/\/www.areabesos.com\/diario\/wp-json\/wp\/v2\/comments?post=3450"}],"version-history":[{"count":1,"href":"https:\/\/www.areabesos.com\/diario\/wp-json\/wp\/v2\/posts\/3450\/revisions"}],"predecessor-version":[{"id":3452,"href":"https:\/\/www.areabesos.com\/diario\/wp-json\/wp\/v2\/posts\/3450\/revisions\/3452"}],"wp:featuredmedia":[{"embeddable":true,"href":"https:\/\/www.areabesos.com\/diario\/wp-json\/wp\/v2\/media\/3451"}],"wp:attachment":[{"href":"https:\/\/www.areabesos.com\/diario\/wp-json\/wp\/v2\/media?parent=3450"}],"wp:term":[{"taxonomy":"category","embeddable":true,"href":"https:\/\/www.areabesos.com\/diario\/wp-json\/wp\/v2\/categories?post=3450"},{"taxonomy":"post_tag","embeddable":true,"href":"https:\/\/www.areabesos.com\/diario\/wp-json\/wp\/v2\/tags?post=3450"}],"curies":[{"name":"wp","href":"https:\/\/api.w.org\/{rel}","templated":true}]}}