{"id":3448,"date":"2021-09-10T12:22:00","date_gmt":"2021-09-10T10:22:00","guid":{"rendered":"http:\/\/www.areabesos.com\/diario\/?p=3448"},"modified":"2021-09-10T12:33:25","modified_gmt":"2021-09-10T10:33:25","slug":"una-festa-major-per-al-poble","status":"publish","type":"post","link":"https:\/\/www.areabesos.com\/diario\/una-festa-major-per-al-poble\/","title":{"rendered":"Una Festa Major per al poble"},"content":{"rendered":"\n<p>El Casal Popular Les Besossades considera que un any m\u00e9s el Govern municipal ha exhibit la seva nul\u00b7la voluntat de treballar una Festa Major amb la ciutadania, i que el canvi d&#8217;alcaldia no ha variat la din\u00e0mica t\u00f2xica de l&#8217;Ajuntament. El resultat ha sigut un frac\u00e1s enorme i una Festa allunyada de la seva gent.<\/p>\n\n\n\n<p>Una din\u00e0mica que ve de lluny.<\/p>\n\n\n\n<p>L&#8217;any 2019 l&#8217;Ajuntament va voler eliminar totes les casetes i gr\u00e0cies a la pressi\u00f3 de les Entitats se&#8217;n va poder \u201csalvar\u201d un redu\u00eft nombre. Tot i aquesta fita, l&#8217;espai disposava d&#8217;unes condicions molt dolentes. L&#8217;esfor\u00e7 ingent del teixit associatiu va aconseguir tirar endavant les casetes.<\/p>\n\n\n\n<p>L&#8217;any 2020 la ciutadania adrianenca va haver de suportar com municipis del nostre entorn celebraven una Festa Major adaptada a la pand\u00e8mia, mentre el nostre Ajuntament no feia res amb la nostra Festa, mostrant des\u00eddia i menyspreu cap a la seva gent. Ni tan sols es va voler fer l&#8217;esfor\u00e7 de fer un Preg\u00f3 en streaming.<\/p>\n\n\n\n<p>Enguany es va prohibir fer Sant Jordi a les Entitats (no pas al sector privat) i, novament, en contraposici\u00f3 a municipis propers, la ciutadania va patir la nul\u00b7la predisposici\u00f3 del Govern cap a la cultura.<\/p>\n\n\n\n<p>Una Festa Major sense casetes.<\/p>\n\n\n\n<p>Pel que fa a la Festa Major de 2021 (pressupostada en 122.000 \u20ac), l&#8217;Ajuntament va comen\u00e7ar molt tard a treballar-hi i fent una Festa Major d&#8217;esquena tothom. El 2 de juliol se&#8217;ns informa dels requeriments per a disposar de caseta. A 27 de juliol i degut a un espai allunyat, amagat, inadequat i no publicitat, tan sols dues entitats presenten la sol\u00b7licitud. En aquest proc\u00e9s les traves han estat constants i l&#8217;Ajuntament va acabar demanant, saltant-se els termes de les seves pr\u00f2pies bases, requeriments arbitraris que han fet que sigui inviable econ\u00f2micament la realitzaci\u00f3 d&#8217;una caseta que estava amagada en la seva ubicaci\u00f3 i del programa de Festa Major.<\/p>\n\n\n\n<p>A 48 hores de la Festa Major ens vam trobar amb el silenci administratiu a l&#8217;hora de muntar la caseta, que at\u00e9n a una resposta pol\u00edtica que atempta contra els drets de les Entitats i \u00e9s un flagrant menysteniment a les mateixes, convertint en mentida l&#8217;espai cedit a Entitats.<\/p>\n\n\n\n<p>El tarann\u00e0 del Govern Municipal respon a la por que les Entitats cooperin per a seguir mantenint viva la flama d&#8217;una Festa Major per al poble, demostrant una clara intencionalitat de carregar-se el moviment associatiu.<\/p>\n\n\n\n<p>La Festa Major d&#8217;enguany ha seguit apostant per un model que prioritza artistes comercials i que arracona i menyst\u00e9 artistes locals, que obvia en la seva elaboraci\u00f3 tot el teixit associatiu de la ciutat (Entitats, artistes, associacions de ve\u00efnes i comercials, etc.), amb un nivell de des\u00eddia que fins i tot exclou el dia del Patr\u00f3 de les dates de la Festa.<\/p>\n\n\n\n<p>El Casal Popular Les Besossades exigeix que com a tants indrets del pa\u00eds, la Festa Major sigui organitzada per la societat civil adrianenca, que s&#8217;aposti per creadores locals, amb pres\u00e8ncia a cada barri, que sigui transparent i fiscalitzable, i abandoni un model comercial i obscur.<\/p>\n\n\n\n<p><strong>Text: Casal Popular Les Besossades<\/strong><\/p>\n","protected":false},"excerpt":{"rendered":"<p>El Casal Popular Les Besossades considera que un any m\u00e9s el Govern municipal ha exhibit la seva nul\u00b7la voluntat de treballar una Festa Major amb la ciutadania, i que el canvi d&#8217;alcaldia no ha variat la din\u00e0mica t\u00f2xica de l&#8217;Ajuntament. El resultat ha sigut un frac\u00e1s enorme i una Festa allunyada de la seva gent. [&hellip;]<\/p>\n","protected":false},"author":2,"featured_media":3477,"comment_status":"open","ping_status":"open","sticky":false,"template":"","format":"standard","meta":{"footnotes":""},"categories":[139],"tags":[],"class_list":{"0":"post-3448","1":"post","2":"type-post","3":"status-publish","4":"format-standard","5":"has-post-thumbnail","7":"category-opinio"},"_links":{"self":[{"href":"https:\/\/www.areabesos.com\/diario\/wp-json\/wp\/v2\/posts\/3448","targetHints":{"allow":["GET"]}}],"collection":[{"href":"https:\/\/www.areabesos.com\/diario\/wp-json\/wp\/v2\/posts"}],"about":[{"href":"https:\/\/www.areabesos.com\/diario\/wp-json\/wp\/v2\/types\/post"}],"author":[{"embeddable":true,"href":"https:\/\/www.areabesos.com\/diario\/wp-json\/wp\/v2\/users\/2"}],"replies":[{"embeddable":true,"href":"https:\/\/www.areabesos.com\/diario\/wp-json\/wp\/v2\/comments?post=3448"}],"version-history":[{"count":2,"href":"https:\/\/www.areabesos.com\/diario\/wp-json\/wp\/v2\/posts\/3448\/revisions"}],"predecessor-version":[{"id":3479,"href":"https:\/\/www.areabesos.com\/diario\/wp-json\/wp\/v2\/posts\/3448\/revisions\/3479"}],"wp:featuredmedia":[{"embeddable":true,"href":"https:\/\/www.areabesos.com\/diario\/wp-json\/wp\/v2\/media\/3477"}],"wp:attachment":[{"href":"https:\/\/www.areabesos.com\/diario\/wp-json\/wp\/v2\/media?parent=3448"}],"wp:term":[{"taxonomy":"category","embeddable":true,"href":"https:\/\/www.areabesos.com\/diario\/wp-json\/wp\/v2\/categories?post=3448"},{"taxonomy":"post_tag","embeddable":true,"href":"https:\/\/www.areabesos.com\/diario\/wp-json\/wp\/v2\/tags?post=3448"}],"curies":[{"name":"wp","href":"https:\/\/api.w.org\/{rel}","templated":true}]}}