{"id":3428,"date":"2021-08-31T12:58:00","date_gmt":"2021-08-31T10:58:00","guid":{"rendered":"http:\/\/www.areabesos.com\/diario\/?p=3428"},"modified":"2021-09-02T12:59:40","modified_gmt":"2021-09-02T10:59:40","slug":"molt-bona-festa-major-adrianencs-i-adrianenques","status":"publish","type":"post","link":"https:\/\/www.areabesos.com\/diario\/molt-bona-festa-major-adrianencs-i-adrianenques\/","title":{"rendered":"Molt bona Festa Major adrianencs i adrianenques!"},"content":{"rendered":"\n<p>Com sempre, despr\u00e9s de les vacances d\u2019estiu, s\u2019apropa la nostra estimada Festa Major. Les nostres festes s\u00f3n un moment transcendental per la nostra ciutat, un moment per la cultura i per reivindicar tot all\u00f2 que volem i som la ciutadania de Sant Adri\u00e0. Enguany, per\u00f2, i de la mateixa manera de l\u2019any passat, el govern local no t\u00e9 cap proposta alternativa per aquestes festes. Des de Sant Adri\u00e0 en Com\u00fa, reivindiquem, com l\u2019any anterior \u201cque hagu\u00e9s estat un bon moment per recuperar algunes petites mostres de normalitat despr\u00e9s de tants mesos que la vida social s&#8217;ha redu\u00eft i molt\u201d.<br>Compartint l\u2019estrat\u00e8gia i criteris per aturar la pand\u00e8mia de la Covid-19 i protegir a les persones, creiem que la falta d\u2019iniciativa per part del govern municipal no \u00e9s deu exclusivament a la situaci\u00f3 actual. Aquesta falta d\u2019encert la vam veure tamb\u00e9 amb la publicaci\u00f3 per part del consistori d\u2019una imatge del virus de la Covid-19 pilotant una avioneta o amb l\u2019elecci\u00f3 dels m\u00e8todes per poder participar en les festes. No compartim tampoc el sistema de cita pr\u00e8via tal com s&#8217;ha organitzat enguany. El m\u00e8tode triat per fer la reserva vulnera els drets d&#8217;acc\u00e9s a la informaci\u00f3 de les persones en situaci\u00f3 de vulnerabilitat i sense acc\u00e9s a les xarxes socials.<br>El govern ha deixat moltes preguntes sense respondre en un moment tan delicat com aquest: No s&#8217;han previst espais presencials per reservar entrades? Amb els aforaments redu\u00efts es prioritzar\u00e0 la gent empadronada a Sant Adri\u00e0? Quin \u00e9s l&#8217;aforament de cada espai? Hi ha un m\u00e0xim de reserves per persona? S&#8217;ha previst un transport gratu\u00eft per la gent amb diversitat funcional per accedir als espais centrals de Festa Major? S\u2019ha tingut en compte la fragilitat de la tecnologia de l&#8217;Ajuntament i el col\u00b7lapse que pot significar obrir la reserva d&#8217;entrades a nom\u00e9s 3 dies de l&#8217;inici de la Festa? Novament, manca d&#8217;informaci\u00f3, de previsi\u00f3 i de transpar\u00e8ncia.<br>A m\u00e9s tots els actes l\u00fadics, festius o culturals tenen lloc al marge esquerre del riu Bes\u00f2s? Al marge dret, podem veure nom\u00e9s la inauguraci\u00f3 de l&#8217;exposici\u00f3 \u00abVinyetes Migrants\u00bb al MHIC i la descoberta de les plaques a l&#8217;entrada del CAP La Mina. 4 activitats infantils i totes al marge esquerre. Per qu\u00e8 no s&#8217;han programat activitats itinerants o desdoblament de les actuacions o activitats a c\u00e0rrec de les entitats locals?<br>No deixa de sorprendre la ubicaci\u00f3 de l&#8217;espai central. Primerament perqu\u00e8 est\u00e0 ubicat en una zona potencialment contaminada segons consta en el mapa que va treballar l\u2019Ajuntament amb el Consorci del Bes\u00f2s i entitats de la ciutat. No \u00e9s admissible, amb les conseq\u00fc\u00e8ncies que pot tenir, que es programin activitats en espais que no han estat analitzats ni descontaminats, si s&#8217;escau. D\u2019altra banda, s\u2019ha optat per un model de barraques i un \u201cl\u2019escenari jove\u00bb fora del nucli urb\u00e0. Creiem que aquest format afavoreix \u00fanicament a l\u2019oci basat en el consum d&#8217;alcohol. Cal un model alternatiu, amb accions ciutadanes, recuperant activitats com la festa del Riu o el concurs fotogr\u00e0fic.<br>Per tots aquest motiu reclamem des de ja una Comissi\u00f3 de Festa Major. Cal que a les festes participin els barris i entitats, per tant s\u00f3n necessaris processos participatius perqu\u00e8 la ciutadania pugui decidir. \u00c9s necessari que les festes arribin a tots els barris de la ciutat, i ho han de fer amb un programa divers. Les festes s\u00f3n del poble!<\/p>\n\n\n\n<p><span style=\"background-color:#000c11\" class=\"td_text_highlight_marker\">Sant Adri\u00e0 en Com\u00fa<\/span><\/p>\n","protected":false},"excerpt":{"rendered":"<p>Com sempre, despr\u00e9s de les vacances d\u2019estiu, s\u2019apropa la nostra estimada Festa Major. Les nostres festes s\u00f3n un moment transcendental per la nostra ciutat, un moment per la cultura i per reivindicar tot all\u00f2 que volem i som la ciutadania de Sant Adri\u00e0. Enguany, per\u00f2, i de la mateixa manera de l\u2019any passat, el govern [&hellip;]<\/p>\n","protected":false},"author":2,"featured_media":3375,"comment_status":"open","ping_status":"open","sticky":false,"template":"","format":"standard","meta":{"footnotes":""},"categories":[139],"tags":[],"class_list":{"0":"post-3428","1":"post","2":"type-post","3":"status-publish","4":"format-standard","5":"has-post-thumbnail","7":"category-opinio"},"_links":{"self":[{"href":"https:\/\/www.areabesos.com\/diario\/wp-json\/wp\/v2\/posts\/3428","targetHints":{"allow":["GET"]}}],"collection":[{"href":"https:\/\/www.areabesos.com\/diario\/wp-json\/wp\/v2\/posts"}],"about":[{"href":"https:\/\/www.areabesos.com\/diario\/wp-json\/wp\/v2\/types\/post"}],"author":[{"embeddable":true,"href":"https:\/\/www.areabesos.com\/diario\/wp-json\/wp\/v2\/users\/2"}],"replies":[{"embeddable":true,"href":"https:\/\/www.areabesos.com\/diario\/wp-json\/wp\/v2\/comments?post=3428"}],"version-history":[{"count":1,"href":"https:\/\/www.areabesos.com\/diario\/wp-json\/wp\/v2\/posts\/3428\/revisions"}],"predecessor-version":[{"id":3429,"href":"https:\/\/www.areabesos.com\/diario\/wp-json\/wp\/v2\/posts\/3428\/revisions\/3429"}],"wp:featuredmedia":[{"embeddable":true,"href":"https:\/\/www.areabesos.com\/diario\/wp-json\/wp\/v2\/media\/3375"}],"wp:attachment":[{"href":"https:\/\/www.areabesos.com\/diario\/wp-json\/wp\/v2\/media?parent=3428"}],"wp:term":[{"taxonomy":"category","embeddable":true,"href":"https:\/\/www.areabesos.com\/diario\/wp-json\/wp\/v2\/categories?post=3428"},{"taxonomy":"post_tag","embeddable":true,"href":"https:\/\/www.areabesos.com\/diario\/wp-json\/wp\/v2\/tags?post=3428"}],"curies":[{"name":"wp","href":"https:\/\/api.w.org\/{rel}","templated":true}]}}